{"id":3706,"date":"2023-05-02T22:00:00","date_gmt":"2023-05-02T22:00:00","guid":{"rendered":"https:\/\/www.frelimo.org.mz\/?p=3706"},"modified":"2023-05-02T22:00:00","modified_gmt":"2023-05-02T22:00:00","slug":"presidente-filipe-nyusi-destaca-crescimento-da-ojm","status":"publish","type":"post","link":"https:\/\/www.frelimo.org.mz\/?p=3706","title":{"rendered":"PRESIDENTE FILIPE NYUSI DESTACA CRESCIMENTO DA OJM"},"content":{"rendered":"<p>O Presinde da FRELIMO e Presidente da Rep\u00fablica de Mo\u00e7ambique, Filipe Jacinto Nyusi, destacou o crescimento da Organizac\u00e3o da Juventude Mo\u00e7ambicana(OJM), nos \u00faltimos tempos, n\u00e3o somente em termos quantitativos,<\/p>\n<p><!--more--><\/p>\n<p>mas sobretudo pela qualidade das suas interven\u00e7\u00f5es nos processos de desenvolvimento do pais.<\/p>\n<p>O Camarada Presidente Nyusi, que falava hoje na cerim\u00f3nia de abertura da II Sess\u00e3o Ordinaria do Conselho Nacional da OJM, que decorre na Escola Central da FRELIMO, na cidade da Matola, saudou a Organiza\u00e7\u00e3o pela implementa\u00e7\u00e3o, com \u00eaxito, do tradicional processo de rejuvenascimento, um exerc\u00edcio que tal como referiu, fundamental para a sustentabilidade e incremento de valores nos recursos humanos, dentro da colectividade.<\/p>\n<p>Na ocasi\u00e3o, o Presidente Nyusi encorajou a OJM a continuar comprometida com a preserva\u00e7\u00e3o da paz, abra\u00e7ar o emprendedorismo e inova\u00e7\u00e3o, na busca de solu\u00e7\u00f5es para as suas vidas.<\/p>\n<p>&#8220;Saudamos ainda a OJM pelo seu envolvimento activo na resposta e preserva\u00e7\u00e3o de desastres naturais. Exortamos, do mesmo modo, a juventude a afluir de forma organizada, no processo de Recenseamento Eleitoral&#8221; disse o Camarada Presidente.<\/p>\n<p>Ainda neste evento, o Presidente Filipe Nyusi endere\u00e7ou uma especial sauda\u00e7\u00e3o aos profissionais de Comunica\u00e7\u00e3o Social por ocasi\u00e3o do dia Internacional da Liberdade de Imprensa que se celebra hoje.<\/p>\n","protected":false},"excerpt":{"rendered":"<p>O Presinde da FRELIMO e Presidente da Rep\u00fablica de Mo\u00e7ambique, Filipe Jacinto Nyusi, destacou o crescimento da Organizac\u00e3o da Juventude Mo\u00e7ambicana(OJM), nos \u00faltimos tempos, n\u00e3o somente em termos quantitativos, mas sobretudo pela qualidade das suas interven\u00e7\u00f5es nos processos de desenvolvimento do pais. O Camarada Presidente Nyusi, que falava hoje na cerim\u00f3nia de abertura da II &hellip;<\/p>\n","protected":false},"author":1,"featured_media":0,"comment_status":"open","ping_status":"open","sticky":false,"template":"","format":"standard","meta":{"_jetpack_memberships_contains_paid_content":false,"footnotes":""},"categories":[4],"tags":[],"class_list":["post-3706","post","type-post","status-publish","format-standard","hentry","category-outras"],"jetpack_featured_media_url":"","jetpack_sharing_enabled":true,"_links":{"self":[{"href":"https:\/\/www.frelimo.org.mz\/index.php?rest_route=\/wp\/v2\/posts\/3706","targetHints":{"allow":["GET"]}}],"collection":[{"href":"https:\/\/www.frelimo.org.mz\/index.php?rest_route=\/wp\/v2\/posts"}],"about":[{"href":"https:\/\/www.frelimo.org.mz\/index.php?rest_route=\/wp\/v2\/types\/post"}],"author":[{"embeddable":true,"href":"https:\/\/www.frelimo.org.mz\/index.php?rest_route=\/wp\/v2\/users\/1"}],"replies":[{"embeddable":true,"href":"https:\/\/www.frelimo.org.mz\/index.php?rest_route=%2Fwp%2Fv2%2Fcomments&post=3706"}],"version-history":[{"count":0,"href":"https:\/\/www.frelimo.org.mz\/index.php?rest_route=\/wp\/v2\/posts\/3706\/revisions"}],"wp:attachment":[{"href":"https:\/\/www.frelimo.org.mz\/index.php?rest_route=%2Fwp%2Fv2%2Fmedia&parent=3706"}],"wp:term":[{"taxonomy":"category","embeddable":true,"href":"https:\/\/www.frelimo.org.mz\/index.php?rest_route=%2Fwp%2Fv2%2Fcategories&post=3706"},{"taxonomy":"post_tag","embeddable":true,"href":"https:\/\/www.frelimo.org.mz\/index.php?rest_route=%2Fwp%2Fv2%2Ftags&post=3706"}],"curies":[{"name":"wp","href":"https:\/\/api.w.org\/{rel}","templated":true}]}}