{"id":3704,"date":"2023-04-27T10:37:10","date_gmt":"2023-04-27T10:37:10","guid":{"rendered":"https:\/\/www.frelimo.org.mz\/?p=3704"},"modified":"2023-04-27T10:37:10","modified_gmt":"2023-04-27T10:37:10","slug":"comunicado-de-imprensa-da-comissao-politica-7","status":"publish","type":"post","link":"https:\/\/www.frelimo.org.mz\/?p=3704","title":{"rendered":"COMUNICADO DE IMPRENSA DA COMISS\u00c3O POL\u00cdTICA"},"content":{"rendered":"<p class=\"MsoNormal\" style=\"margin-top: 0px; margin-bottom: 0px; color: #000000; font-family: Verdana, Geneva, sans-serif; font-size: 16px;\"><span class=\"ContentPasted0\">Sob Direc\u00e7\u00e3o do Camarada FILIPE JACINTO NYUSI, Presidente da FRELIMO e Presidente da Rep\u00fablica de Mo\u00e7ambique, teve lugar no dia 26 de Abril de 2023, na Sede Nacional da FRELIMO, a 8\u00aa Sess\u00e3o Ordin\u00e1ria da Comiss\u00e3o Pol\u00edtica, para analisar a actual situa\u00e7\u00e3o pol\u00edtica, econ\u00f3mica e s\u00f3cio-cultural do pa\u00eds.<\/span><\/p>\n<p class=\"MsoListParagraphCxSpFirst\" style=\"margin-top: 0px; margin-bottom: 0px; color: #000000; font-family: Verdana, Geneva, sans-serif; font-size: 16px; text-indent: -0.25in;\"><span class=\"ContentPasted0\">1.<span class=\"ContentPasted0\" style=\"font-variant-numeric: normal; font-variant-east-asian: normal; font-stretch: normal; font-size: 7pt; line-height: normal; font-family: 'Times New Roman';\">\u00a0\u00a0\u00a0\u00a0\u00a0\u00a0\u00a0<\/span><\/span><span class=\"ContentPasted0\">A Comiss\u00e3o Pol\u00edtica sa\u00fada o Camarada Presidente da FRELIMO e Presidente da Rep\u00fablica de Mo\u00e7ambique, FILIPE JACINTO NYUSI:<\/span><\/p>\n<p class=\"MsoListParagraphCxSpMiddle\" style=\"margin-top: 0px; margin-bottom: 0px; color: #000000; font-family: Verdana, Geneva, sans-serif; font-size: 16px;\">\u00a0<\/p>\n<p class=\"MsoListParagraphCxSpMiddle\" style=\"margin-top: 0px; margin-bottom: 0px; color: #000000; font-family: Verdana, Geneva, sans-serif; font-size: 16px; text-indent: -0.25in;\"><span style=\"font-family: Symbol;\"><span class=\"ContentPasted0\">\u00b7<span class=\"ContentPasted0\" style=\"font-variant-numeric: normal; font-variant-east-asian: normal; font-stretch: normal; font-size: 7pt; line-height: normal; font-family: 'Times New Roman';\">\u00a0\u00a0\u00a0\u00a0\u00a0\u00a0\u00a0\u00a0\u00a0<\/span><\/span><\/span><span class=\"ContentPasted0\">Pelo lan\u00e7amento da Campanha de Comercializa\u00e7\u00e3o Agr\u00edcola e abertura do V F\u00f3rum Nacional de Comercializa\u00e7\u00e3o Agr\u00edcola 2023, eventos realizados no distrito de Chi\u00fata, prov\u00edncia de Tete, sob o lema \u201cComercializa\u00e7\u00e3o Agr\u00edcola Dinamizadora do Agro-Neg\u00f3cio e Industrializa\u00e7\u00e3o\u201d.<\/span><\/p>\n<p class=\"MsoListParagraphCxSpMiddle\" style=\"margin-top: 0px; margin-bottom: 0px; color: #000000; font-family: Verdana, Geneva, sans-serif; font-size: 16px;\">\u00a0<\/p>\n<p class=\"MsoListParagraphCxSpMiddle\" style=\"margin-top: 0px; margin-bottom: 0px; color: #000000; font-family: Verdana, Geneva, sans-serif; font-size: 16px; text-indent: -0.25in;\"><span style=\"font-family: Symbol;\"><span class=\"ContentPasted0\">\u00b7<span class=\"ContentPasted0\" style=\"font-variant-numeric: normal; font-variant-east-asian: normal; font-stretch: normal; font-size: 7pt; line-height: normal; font-family: 'Times New Roman';\">\u00a0\u00a0\u00a0\u00a0\u00a0\u00a0\u00a0\u00a0\u00a0<\/span><\/span><\/span><span class=\"ContentPasted0\">Pela inaugura\u00e7\u00e3o de infra-estruturas econ\u00f3micas e sociais que impulsionam o desenvolvimento do pa\u00eds, com destaque para um Hospital distrital em B\u00fazi e um Radar Meteorol\u00f3gico, na cidade da Beira, prov\u00edncia de Sofala, e edif\u00edcios condignos para tribunais distritais de Molumbo, Mulevala, Mocubela, Luabo, Inhassunge, na Prov\u00edncia da Zamb\u00e9zia, no \u00e2mbito das iniciativas presidenciais.<\/span><\/p>\n<p class=\"MsoListParagraphCxSpMiddle\" style=\"margin-top: 0px; margin-bottom: 0px; color: #000000; font-family: Verdana, Geneva, sans-serif; font-size: 16px;\">\u00a0<\/p>\n<p class=\"MsoListParagraphCxSpMiddle\" style=\"margin-top: 0px; margin-bottom: 0px; color: #000000; font-family: Verdana, Geneva, sans-serif; font-size: 16px; text-indent: -0.25in;\"><span style=\"font-family: Symbol;\"><span class=\"ContentPasted0\">\u00b7<span class=\"ContentPasted0\" style=\"font-variant-numeric: normal; font-variant-east-asian: normal; font-stretch: normal; font-size: 7pt; line-height: normal; font-family: 'Times New Roman';\">\u00a0\u00a0\u00a0\u00a0\u00a0\u00a0\u00a0\u00a0\u00a0<\/span><\/span><\/span><span class=\"ContentPasted0\">Pela interac\u00e7\u00e3o com a popula\u00e7\u00e3o da prov\u00edncia da Zamb\u00e9zia, exortando para a observ\u00e2ncia das medidas de preven\u00e7\u00e3o da epidemia da c\u00f3lera e o risco de desastres naturais, incluindo, a distribui\u00e7\u00e3o de kits de insumos agr\u00edcolas a agricultores e extensionistas, no \u00e2mbito da dinamiza\u00e7\u00e3o do papel do Sector Agr\u00e1rio no Desenvolvimento S\u00f3cio-econ\u00f3mico do pa\u00eds.<\/span><\/p>\n<p class=\"MsoListParagraphCxSpMiddle\" style=\"margin-top: 0px; margin-bottom: 0px; color: #000000; font-family: Verdana, Geneva, sans-serif; font-size: 16px;\">\u00a0<\/p>\n<p class=\"MsoListParagraphCxSpMiddle\" style=\"margin-top: 0px; margin-bottom: 0px; color: #000000; font-family: Verdana, Geneva, sans-serif; font-size: 16px; text-indent: -0.25in;\"><span class=\"ContentPasted0\">2.<span class=\"ContentPasted0\" style=\"font-variant-numeric: normal; font-variant-east-asian: normal; font-stretch: normal; font-size: 7pt; line-height: normal; font-family: 'Times New Roman';\">\u00a0\u00a0\u00a0\u00a0\u00a0\u00a0\u00a0<\/span><\/span><span class=\"ContentPasted0\">Sobre a situa\u00e7\u00e3o de seguran\u00e7a no pa\u00eds, a Comiss\u00e3o Pol\u00edtica apreciou, com satisfa\u00e7\u00e3o, o desempenho das For\u00e7as de Defesa e Seguran\u00e7a e da Miss\u00e3o da Comunidade de Desenvolvimento dos Pa\u00edses da \u00c1frica Austral (SAMIM) e do Ruanda, no combate ao terrorismo na prov\u00edncia de Cabo Delgado, cujos resultados tem permitido o regresso da popula\u00e7\u00e3o para as suas zonas de origem.<\/span><\/p>\n<p class=\"MsoListParagraphCxSpMiddle\" style=\"margin-top: 0px; margin-bottom: 0px; color: #000000; font-family: Verdana, Geneva, sans-serif; font-size: 16px;\">\u00a0<\/p>\n<p class=\"MsoListParagraphCxSpMiddle\" style=\"margin-top: 0px; margin-bottom: 0px; color: #000000; font-family: Verdana, Geneva, sans-serif; font-size: 16px; text-indent: -0.25in;\"><span class=\"ContentPasted0\">3.<span class=\"ContentPasted0\" style=\"font-variant-numeric: normal; font-variant-east-asian: normal; font-stretch: normal; font-size: 7pt; line-height: normal; font-family: 'Times New Roman';\">\u00a0\u00a0\u00a0\u00a0\u00a0\u00a0\u00a0<\/span><\/span><span class=\"ContentPasted0\"><span class=\"ContentPasted0\">\u00a0<\/span>A Comiss\u00e3o Pol\u00edtica foi informada sobre o in\u00edcio do Recenseamento Eleitoral no pa\u00eds, com vista \u00e0s Elei\u00e7\u00f5es Aut\u00e1rquicas agendadas para 11 de Outubro do presente ano e exorta a ades\u00e3o massiva dos cidad\u00e3os, com idade eleitoral, a este processo.<\/span><\/p>\n<p class=\"MsoListParagraphCxSpMiddle\" style=\"margin-top: 0px; margin-bottom: 0px; color: #000000; font-family: Verdana, Geneva, sans-serif; font-size: 16px;\">\u00a0<\/p>\n<p class=\"MsoListParagraphCxSpMiddle\" style=\"margin-top: 0px; margin-bottom: 0px; color: #000000; font-family: Verdana, Geneva, sans-serif; font-size: 16px; text-indent: -0.25in;\"><span class=\"ContentPasted0\">4.<span class=\"ContentPasted0\" style=\"font-variant-numeric: normal; font-variant-east-asian: normal; font-stretch: normal; font-size: 7pt; line-height: normal; font-family: 'Times New Roman';\">\u00a0\u00a0\u00a0\u00a0\u00a0\u00a0\u00a0<\/span><\/span><span class=\"ContentPasted0\"><span class=\"ContentPasted0\">\u00a0<\/span>A Comiss\u00e3o Pol\u00edtica considera o Recenseamento Eleitoral condi\u00e7\u00e3o indispens\u00e1vel para exercer o direito de eleger e ser eleito e um momento de consolida\u00e7\u00e3o do Estado de Direito Democr\u00e1tico, onde os cidad\u00e3os unidos, exercem o seu dever c\u00edvico, guiados pelo mesmo objectivo de participar nas elei\u00e7\u00f5es e apela \u00e0 observ\u00e2ncia da ordem e disciplina de todos, para que o processo continue a decorrer sem sobressaltos.<\/span><\/p>\n<p class=\"MsoListParagraphCxSpMiddle\" style=\"margin-top: 0px; margin-bottom: 0px; color: #000000; font-family: Verdana, Geneva, sans-serif; font-size: 16px;\">\u00a0<\/p>\n<p class=\"MsoListParagraphCxSpLast\" style=\"margin-top: 0px; margin-bottom: 0px; color: #000000; font-family: Verdana, Geneva, sans-serif; font-size: 16px; text-align: center;\"><span class=\"ContentPasted0\">60 ANOS CONSOLIDANDO A UNIDADE NACIONAL, PROMOVENDO A PAZ E DESENVOLVIMENTO FRELIMO, A FOR\u00c7A DA MUDAN\u00c7A<\/span><\/p>\n<p><span class=\"ContentPasted0\">\u00a0<\/span><\/p>\n","protected":false},"excerpt":{"rendered":"<p>Sob Direc\u00e7\u00e3o do Camarada FILIPE JACINTO NYUSI, Presidente da FRELIMO e Presidente da Rep\u00fablica de Mo\u00e7ambique, teve lugar no dia 26 de Abril de 2023, na Sede Nacional da FRELIMO, a 8\u00aa Sess\u00e3o Ordin\u00e1ria da Comiss\u00e3o Pol\u00edtica, para analisar a actual situa\u00e7\u00e3o pol\u00edtica, econ\u00f3mica e s\u00f3cio-cultural do pa\u00eds. 1.\u00a0\u00a0\u00a0\u00a0\u00a0\u00a0\u00a0A Comiss\u00e3o Pol\u00edtica sa\u00fada o Camarada Presidente &hellip;<\/p>\n","protected":false},"author":1,"featured_media":0,"comment_status":"open","ping_status":"open","sticky":false,"template":"","format":"standard","meta":{"_jetpack_memberships_contains_paid_content":false,"footnotes":""},"categories":[4],"tags":[],"class_list":["post-3704","post","type-post","status-publish","format-standard","hentry","category-outras"],"jetpack_featured_media_url":"","jetpack_sharing_enabled":true,"_links":{"self":[{"href":"https:\/\/www.frelimo.org.mz\/index.php?rest_route=\/wp\/v2\/posts\/3704","targetHints":{"allow":["GET"]}}],"collection":[{"href":"https:\/\/www.frelimo.org.mz\/index.php?rest_route=\/wp\/v2\/posts"}],"about":[{"href":"https:\/\/www.frelimo.org.mz\/index.php?rest_route=\/wp\/v2\/types\/post"}],"author":[{"embeddable":true,"href":"https:\/\/www.frelimo.org.mz\/index.php?rest_route=\/wp\/v2\/users\/1"}],"replies":[{"embeddable":true,"href":"https:\/\/www.frelimo.org.mz\/index.php?rest_route=%2Fwp%2Fv2%2Fcomments&post=3704"}],"version-history":[{"count":0,"href":"https:\/\/www.frelimo.org.mz\/index.php?rest_route=\/wp\/v2\/posts\/3704\/revisions"}],"wp:attachment":[{"href":"https:\/\/www.frelimo.org.mz\/index.php?rest_route=%2Fwp%2Fv2%2Fmedia&parent=3704"}],"wp:term":[{"taxonomy":"category","embeddable":true,"href":"https:\/\/www.frelimo.org.mz\/index.php?rest_route=%2Fwp%2Fv2%2Fcategories&post=3704"},{"taxonomy":"post_tag","embeddable":true,"href":"https:\/\/www.frelimo.org.mz\/index.php?rest_route=%2Fwp%2Fv2%2Ftags&post=3704"}],"curies":[{"name":"wp","href":"https:\/\/api.w.org\/{rel}","templated":true}]}}