{"id":3698,"date":"2023-04-21T17:10:48","date_gmt":"2023-04-21T17:10:48","guid":{"rendered":"https:\/\/www.frelimo.org.mz\/?p=3698"},"modified":"2023-04-21T17:10:48","modified_gmt":"2023-04-21T17:10:48","slug":"secretario-geral-da-frelimo-junta-se-a-comunidade-muculmana","status":"publish","type":"post","link":"https:\/\/www.frelimo.org.mz\/?p=3698","title":{"rendered":"SECRETARIO GERAL DA FRELIMO JUNTA-SE \u00c0 COMUNIDADE MU\u00c7ULMANA"},"content":{"rendered":"<p>NA HORA DE CELEBRA\u00c7\u00c3O DO EID-UL- FITRE<\/p>\n<p>O Secret\u00e1rio Geral da FRELIMO, Roque Silva juntou-se na manh\u00e3 de hoje (21) \u00e0 Comunidade Mu\u00e7ulmana na celebra\u00e7\u00e3o do Eid-Ul-Fitre que marca o fim do Ramad\u00e3o.<\/p>\n<p><!--more--><\/p>\n<p>&nbsp;<\/p>\n<p>O evento bastante concorrido teve lugar no campo do Estrela Vermelha na cidade de Maputo.<\/p>\n<p>Na interven\u00e7\u00e3o de ocasi\u00e3o, Roque Silva transmitiu cumprimentos do Camarada Presidente *Filipe Jacinto Nyusi* e disse ainda que a presen\u00e7a de todos naquele evento resulta do facto de que Allah, n\u00e3o s\u00f3 nos ama, como tamb\u00e9m cobre-nos do seu divino manto e protege-nos, por isso lhe devemos sempre os nossos agradecimentos.<\/p>\n<p>Disse ainda que este momento de festa, emerge como resultado do cumprimento do Jejum e demais actos de adora\u00e7\u00e3o e devo\u00e7\u00e3o a Allah, tendo parabenizado assim a toda comunidade mu\u00e7ulmana.<\/p>\n<p>Para Roque Silva o Isl\u00e3o inculca valores c\u00edvicos e morais aos cidad\u00e3os e aos jovens em particular para que estes cres\u00e7am na honestidade, solidariedade, justi\u00e7a e amor ao pr\u00f3ximo, fazendo com que a dignidade humana seja observada por todos.<\/p>\n<p>Destacou a inestim\u00e1vel contribui\u00e7\u00e3o da comunidade mu\u00e7ulmana no desenvolvimento do pa\u00eds com destaque para ac\u00e7\u00f5es de car\u00e1cter social nas \u00e1reas de educa\u00e7\u00e3o, sa\u00fade e apoio \u00e0 pessoas em situa\u00e7\u00e3o dif\u00edcil.<\/p>\n<p>Roque Silva terminou felicitando aos compatriotas mu\u00e7ulmanos com votos de um Eid-Ul-Fitre Mubarak aben\u00e7oado e de muita paz.<\/p>\n","protected":false},"excerpt":{"rendered":"<p>NA HORA DE CELEBRA\u00c7\u00c3O DO EID-UL- FITRE O Secret\u00e1rio Geral da FRELIMO, Roque Silva juntou-se na manh\u00e3 de hoje (21) \u00e0 Comunidade Mu\u00e7ulmana na celebra\u00e7\u00e3o do Eid-Ul-Fitre que marca o fim do Ramad\u00e3o. &nbsp; O evento bastante concorrido teve lugar no campo do Estrela Vermelha na cidade de Maputo. Na interven\u00e7\u00e3o de ocasi\u00e3o, Roque Silva &hellip;<\/p>\n","protected":false},"author":1,"featured_media":0,"comment_status":"open","ping_status":"open","sticky":false,"template":"","format":"standard","meta":{"_jetpack_memberships_contains_paid_content":false,"footnotes":""},"categories":[4],"tags":[],"class_list":["post-3698","post","type-post","status-publish","format-standard","hentry","category-outras"],"jetpack_featured_media_url":"","jetpack_sharing_enabled":true,"_links":{"self":[{"href":"https:\/\/www.frelimo.org.mz\/index.php?rest_route=\/wp\/v2\/posts\/3698","targetHints":{"allow":["GET"]}}],"collection":[{"href":"https:\/\/www.frelimo.org.mz\/index.php?rest_route=\/wp\/v2\/posts"}],"about":[{"href":"https:\/\/www.frelimo.org.mz\/index.php?rest_route=\/wp\/v2\/types\/post"}],"author":[{"embeddable":true,"href":"https:\/\/www.frelimo.org.mz\/index.php?rest_route=\/wp\/v2\/users\/1"}],"replies":[{"embeddable":true,"href":"https:\/\/www.frelimo.org.mz\/index.php?rest_route=%2Fwp%2Fv2%2Fcomments&post=3698"}],"version-history":[{"count":0,"href":"https:\/\/www.frelimo.org.mz\/index.php?rest_route=\/wp\/v2\/posts\/3698\/revisions"}],"wp:attachment":[{"href":"https:\/\/www.frelimo.org.mz\/index.php?rest_route=%2Fwp%2Fv2%2Fmedia&parent=3698"}],"wp:term":[{"taxonomy":"category","embeddable":true,"href":"https:\/\/www.frelimo.org.mz\/index.php?rest_route=%2Fwp%2Fv2%2Fcategories&post=3698"},{"taxonomy":"post_tag","embeddable":true,"href":"https:\/\/www.frelimo.org.mz\/index.php?rest_route=%2Fwp%2Fv2%2Ftags&post=3698"}],"curies":[{"name":"wp","href":"https:\/\/api.w.org\/{rel}","templated":true}]}}