{"id":3691,"date":"2023-04-14T08:15:33","date_gmt":"2023-04-14T08:15:33","guid":{"rendered":"https:\/\/www.frelimo.org.mz\/?p=3691"},"modified":"2023-04-14T08:15:33","modified_gmt":"2023-04-14T08:15:33","slug":"secretario-geral-da-frelimo-exorta-a-populacao-para-maior-aderencia-ao-recenseamento-eleitoral","status":"publish","type":"post","link":"https:\/\/www.frelimo.org.mz\/?p=3691","title":{"rendered":"SECRETARIO GERAL DA FRELIMO EXORTA A POPULA\u00c7\u00c3O PARA MAIOR ADER\u00caNCIA AO RECENSEAMENTO ELEITORAL"},"content":{"rendered":"<p>EM MONTEPUEZ E BALAMA<\/p>\n<p>O Secret\u00e1rio Geral da FRELIMO, Roque Silva escalou aqueles dois distritos no prosseguimento da sua visita a Cabo Delgado.<\/p>\n<p>Em Montepuez, o SG mostrou-se satisfeito pelo excelente desempenho do Governo Municipal, tendo apontado<\/p>\n<p><!--more--><\/p>\n<p>como exemplos o crescimento quantitativo e qualitativo de infraestruturas, o excelente servi\u00e7o de saneamento o que faz com que a cidade se apresente limpa de entre outros aspectos.<\/p>\n<p>Roque Silva mostrou-se tamb\u00e9m satisfeito pelo n\u00edvel de desenvolvimento do distrito de Balama, uma realidade testemunhada pela popula\u00e7\u00e3o na intera\u00e7\u00e3o havida no com\u00edcio popular ali orientado.<\/p>\n<p>Nos dois distritos visitados, para al\u00e9m de com\u00edcios populares, Roque Silva reuniu-se com l\u00edderes comunit\u00e1rios e religiosos, personalidades influentes, organiza\u00e7\u00f5es sociais e militantes da Frelimo na Fun\u00e7\u00e3o P\u00fablica com quem discutiu temas da vida pol\u00edtica, econ\u00f4mica e social da actualidade.<\/p>\n","protected":false},"excerpt":{"rendered":"<p>EM MONTEPUEZ E BALAMA O Secret\u00e1rio Geral da FRELIMO, Roque Silva escalou aqueles dois distritos no prosseguimento da sua visita a Cabo Delgado. Em Montepuez, o SG mostrou-se satisfeito pelo excelente desempenho do Governo Municipal, tendo apontado como exemplos o crescimento quantitativo e qualitativo de infraestruturas, o excelente servi\u00e7o de saneamento o que faz com &hellip;<\/p>\n","protected":false},"author":1,"featured_media":0,"comment_status":"open","ping_status":"open","sticky":false,"template":"","format":"standard","meta":{"_jetpack_memberships_contains_paid_content":false,"footnotes":""},"categories":[4],"tags":[],"class_list":["post-3691","post","type-post","status-publish","format-standard","hentry","category-outras"],"jetpack_featured_media_url":"","jetpack_sharing_enabled":true,"_links":{"self":[{"href":"https:\/\/www.frelimo.org.mz\/index.php?rest_route=\/wp\/v2\/posts\/3691","targetHints":{"allow":["GET"]}}],"collection":[{"href":"https:\/\/www.frelimo.org.mz\/index.php?rest_route=\/wp\/v2\/posts"}],"about":[{"href":"https:\/\/www.frelimo.org.mz\/index.php?rest_route=\/wp\/v2\/types\/post"}],"author":[{"embeddable":true,"href":"https:\/\/www.frelimo.org.mz\/index.php?rest_route=\/wp\/v2\/users\/1"}],"replies":[{"embeddable":true,"href":"https:\/\/www.frelimo.org.mz\/index.php?rest_route=%2Fwp%2Fv2%2Fcomments&post=3691"}],"version-history":[{"count":0,"href":"https:\/\/www.frelimo.org.mz\/index.php?rest_route=\/wp\/v2\/posts\/3691\/revisions"}],"wp:attachment":[{"href":"https:\/\/www.frelimo.org.mz\/index.php?rest_route=%2Fwp%2Fv2%2Fmedia&parent=3691"}],"wp:term":[{"taxonomy":"category","embeddable":true,"href":"https:\/\/www.frelimo.org.mz\/index.php?rest_route=%2Fwp%2Fv2%2Fcategories&post=3691"},{"taxonomy":"post_tag","embeddable":true,"href":"https:\/\/www.frelimo.org.mz\/index.php?rest_route=%2Fwp%2Fv2%2Ftags&post=3691"}],"curies":[{"name":"wp","href":"https:\/\/api.w.org\/{rel}","templated":true}]}}