{"id":3680,"date":"2023-03-25T14:19:35","date_gmt":"2023-03-25T14:19:35","guid":{"rendered":"https:\/\/www.frelimo.org.mz\/?p=3680"},"modified":"2023-03-25T14:19:35","modified_gmt":"2023-03-25T14:19:35","slug":"comissao-politica-mensagem-de-condolencias","status":"publish","type":"post","link":"https:\/\/www.frelimo.org.mz\/?p=3680","title":{"rendered":"COMISS\u00c3O POL\u00cdTICA &#8211; MENSAGEM DE CONDOL\u00caNCIAS"},"content":{"rendered":"<p>Com profunda dor e consterna\u00e7\u00e3o, o Camarada FILIPE JACINTO NYUSI, Presidente da FRELIMO e Presidente da Rep\u00fablica de Mo\u00e7ambique, e a Comiss\u00e3o Pol\u00edtica comunicam a triste not\u00edcia do desaparecimento f\u00edsico do<\/p>\n<p><!--more--><\/p>\n<p>Camarada Pascoal Manuel Mocumbi, ocorrido hoje, dia 25 de Mar\u00e7o, na cidade de Maputo, v\u00edtima de doen\u00e7a.<br \/>O Camarada Pascoal Mocumbi nasceu a 10 de Abril de 1941, no distrito de Inharrime, prov\u00edncia de Inhambane.<br \/>Ainda jovem, ingressou nas fileiras da FRELIMO, contribuindo activamente na sua funda\u00e7\u00e3o em 1962. Em 1963 interrompeu os estudos para se tornar membro do Comit\u00e9 Central da FRELIMO e chefiar o Departamento de Informa\u00e7\u00e3o e Propaganda.<br \/>Em vida, foi membro da Comiss\u00e3o Pol\u00edtica da FRELIMO, foi condecorado com a Ordem Eduardo Mondlane do 1\u00ba Grau e desempenhou v\u00e1rias fun\u00e7\u00f5es, sendo de destacar a de Ministro da Sa\u00fade, Ministro dos Neg\u00f3cios Estrangeiros, Primeiro-Ministro do Governo da Rep\u00fablica de Mo\u00e7ambique, tendo sido convidado pela Organiza\u00e7\u00e3o Mundial de Sa\u00fade para desempenhar as fun\u00e7\u00f5es de Comiss\u00e1rio da Parceria sobre Ensaios Cl\u00ednicos entre pa\u00edses europeus e pa\u00edses em vias de desenvolvimento, com sede na Holanda e foi membro fundador do Centro de Investiga\u00e7\u00e3o em Sa\u00fade de Manhi\u00e7a.<br \/>O desaparecimento f\u00edsico do Camarada Pascoal Mocumbi abre em todos n\u00f3s, e em todos com quem viveu e trabalhou, um vazio dif\u00edcil de preencher.<br \/>Neste momento dif\u00edcil, de dor e consterna\u00e7\u00e3o, o Camarada FILIPE JACINTO NYUSI, Presidente da FRELIMO e Presidente da Rep\u00fablica de Mo\u00e7ambique, a Comiss\u00e3o Pol\u00edtica, o Comit\u00e9 Central, o Secretariado do Comit\u00e9 Central, os membros e os simpatizantes da FRELIMO, endere\u00e7am as mais sentidas condol\u00eancias e manifestam solidariedade \u00e0 fam\u00edlia enlutada. Paz a sua alma!<\/p>\n<p>Maputo, 25 de Mar\u00e7o de 2023<br \/>60 ANOS CONSOLIDANDO A UNIDADE NACIONAL, PROMOVENDO<br \/>A PAZ E DESENVOLVIMENTO<br \/>FRELIMO, A FOR\u00c7A DA MUDAN\u00c7A<\/p>\n","protected":false},"excerpt":{"rendered":"<p>Com profunda dor e consterna\u00e7\u00e3o, o Camarada FILIPE JACINTO NYUSI, Presidente da FRELIMO e Presidente da Rep\u00fablica de Mo\u00e7ambique, e a Comiss\u00e3o Pol\u00edtica comunicam a triste not\u00edcia do desaparecimento f\u00edsico do Camarada Pascoal Manuel Mocumbi, ocorrido hoje, dia 25 de Mar\u00e7o, na cidade de Maputo, v\u00edtima de doen\u00e7a.O Camarada Pascoal Mocumbi nasceu a 10 de &hellip;<\/p>\n","protected":false},"author":1,"featured_media":0,"comment_status":"open","ping_status":"open","sticky":false,"template":"","format":"standard","meta":{"_jetpack_memberships_contains_paid_content":false,"footnotes":""},"categories":[4],"tags":[],"class_list":["post-3680","post","type-post","status-publish","format-standard","hentry","category-outras"],"jetpack_featured_media_url":"","jetpack_sharing_enabled":true,"_links":{"self":[{"href":"https:\/\/www.frelimo.org.mz\/index.php?rest_route=\/wp\/v2\/posts\/3680","targetHints":{"allow":["GET"]}}],"collection":[{"href":"https:\/\/www.frelimo.org.mz\/index.php?rest_route=\/wp\/v2\/posts"}],"about":[{"href":"https:\/\/www.frelimo.org.mz\/index.php?rest_route=\/wp\/v2\/types\/post"}],"author":[{"embeddable":true,"href":"https:\/\/www.frelimo.org.mz\/index.php?rest_route=\/wp\/v2\/users\/1"}],"replies":[{"embeddable":true,"href":"https:\/\/www.frelimo.org.mz\/index.php?rest_route=%2Fwp%2Fv2%2Fcomments&post=3680"}],"version-history":[{"count":0,"href":"https:\/\/www.frelimo.org.mz\/index.php?rest_route=\/wp\/v2\/posts\/3680\/revisions"}],"wp:attachment":[{"href":"https:\/\/www.frelimo.org.mz\/index.php?rest_route=%2Fwp%2Fv2%2Fmedia&parent=3680"}],"wp:term":[{"taxonomy":"category","embeddable":true,"href":"https:\/\/www.frelimo.org.mz\/index.php?rest_route=%2Fwp%2Fv2%2Fcategories&post=3680"},{"taxonomy":"post_tag","embeddable":true,"href":"https:\/\/www.frelimo.org.mz\/index.php?rest_route=%2Fwp%2Fv2%2Ftags&post=3680"}],"curies":[{"name":"wp","href":"https:\/\/api.w.org\/{rel}","templated":true}]}}