{"id":3667,"date":"2023-03-02T14:57:25","date_gmt":"2023-03-02T14:57:25","guid":{"rendered":"https:\/\/www.frelimo.org.mz\/?p=3667"},"modified":"2023-03-02T14:57:25","modified_gmt":"2023-03-02T14:57:25","slug":"comissao-politica-comunicado-de-imprensa-56","status":"publish","type":"post","link":"https:\/\/www.frelimo.org.mz\/?p=3667","title":{"rendered":"Comiss\u00e3o Pol\u00edtica &#8211; Comunicado de imprensa"},"content":{"rendered":"<p>Sob Direc\u00e7\u00e3o do Camarada FILIPE JACINTO NYUSI, Presidente da FRELIMO e Presidente da Rep\u00fablica de Mo\u00e7ambique, teve lugar, no dia 01 de Mar\u00e7o de 2023, na Sede Nacional da FRELIMO, a 5\u00aa Sess\u00e3o Ordin\u00e1ria da<\/p>\n<p><!--more--><\/p>\n<p>Comiss\u00e3o Pol\u00edtica, para analisar a actual situa\u00e7\u00e3o pol\u00edtica, econ\u00f3mica e s\u00f3cio-cultural do pa\u00eds.<\/p>\n<p>A Comiss\u00e3o Pol\u00edtica foi informada sobre a passagem do Ciclone Freddy no Pa\u00eds, que provocou chuvas e inunda\u00e7\u00f5es que se fazem sentir em quase todo o territ\u00f3rio mo\u00e7ambicano, cujo impacto se reflecte na perda de vidas humanas, destrui\u00e7\u00e3o de campos agr\u00edcolas e infra-estruturas sociais e econ\u00f3micas, com destaque para estradas, pontes e casas.<\/p>\n<p>A Comiss\u00e3o Pol\u00edtica endere\u00e7a as mais sentidas condol\u00eancias as fam\u00edlias enlutadas e reitera o apelo \u00e0 todos os segmentos da sociedade mo\u00e7ambicana a continuarem envolvidos no amplo movimento de solidariedade de mo\u00e7ambicano para mo\u00e7ambicano, em apoio \u00e0s v\u00edtimas deste fen\u00f3meno c\u00edclico e reconhece e sa\u00fada o apoio inestim\u00e1vel que tem sido canalizado \u00e0s fam\u00edlias afectadas por diferentes entidades e pessoas singulares.<\/p>\n<p>A Comiss\u00e3o Pol\u00edtica encoraja o Executivo, atrav\u00e9s do Instituto Nacional de Gest\u00e3o e Redu\u00e7\u00e3o do Risco de Desastres, a continuar com o trabalho multisectorial na sensibiliza\u00e7\u00e3o dos cidad\u00e3os para abandonarem as zonas propensas a cheias e inunda\u00e7\u00f5es, nomeadamente nas proximidades das baixas dos rios e zonas de eros\u00e3o.<\/p>\n<p>A Comiss\u00e3o Pol\u00edtica enaltece o trabalho das autoridades de Sa\u00fade que est\u00e3o a promover a campanha de vacina\u00e7\u00e3o contra a c\u00f3lera, uma medida crucial para conter a propaga\u00e7\u00e3o desta doen\u00e7a e salvar vidas.<\/p>\n<p>A Comiss\u00e3o Pol\u00edtica sa\u00fada o Camarada FILIPE JACINTO NYUSI, Presidente da FRELIMO e Presidente da Rep\u00fablica de Mo\u00e7ambique, pela participa\u00e7\u00e3o na 36\u00aa Confer\u00eancia Ordin\u00e1ria de Chefes de Estado e de Governo da Uni\u00e3o Africana realizada em Addis Abeba, Eti\u00f3pia, sob o lema &#8220;Acelera\u00e7\u00e3o da Implementa\u00e7\u00e3o da Zona de Com\u00e9rcio Livre Continental Africana&#8221;, encontro em que os Chefes de Estado e de Governo deste Organismo abordaram assuntos relacionados com a renova\u00e7\u00e3o do compromisso pol\u00edtico dos pa\u00edses de \u00c1frica para a implementa\u00e7\u00e3o do Acordo sobre o Com\u00e9rcio Livre Continental.<\/p>\n<p>A Comiss\u00e3o Pol\u00edtica felicita a todos os mo\u00e7ambicanos no pa\u00eds e na di\u00e1spora, pela Presid\u00eancia Rotativa de Mo\u00e7ambique, a partir de hoje, no Conselho de Seguran\u00e7a das Na\u00e7\u00f5es Unidas, um acontecimento hist\u00f3rico que resulta da elei\u00e7\u00e3o un\u00e2nime a 9 de Junho de 2022, por todos os Estados Membros do Organismo, testemunhando a confian\u00e7a e o prest\u00edgio do nosso Pa\u00eds no concerto das Na\u00e7\u00f5es.<\/p>\n<p>A Comiss\u00e3o Pol\u00edtica congratula as Selec\u00e7\u00f5es Nacionais de Basquetebol seniores masculino e feminino, pela sua qualifica\u00e7\u00e3o ao AfroCan e ao Afrobasket, respectivamente, feitos que enchem de orgulho a todos os mo\u00e7ambicanos e que elevam o nome do Pa\u00eds no desporto continental e internacional.<\/p>\n<p>A Comiss\u00e3o Pol\u00edtica renova a sauda\u00e7\u00e3o e o encorajamento \u00e0s For\u00e7as de Defesa e Seguran\u00e7a, a For\u00e7a Conjunta da SADC e do Ruanda, a continuarem a combater os terroristas, que actuam em algumas zonas da prov\u00edncia de Cabo Delgado, cujo resultado se reflecte no retorno das popula\u00e7\u00f5es e na restaura\u00e7\u00e3o da ordem e tranquilidade no seio das comunidades.<\/p>\n<p>A Comiss\u00e3o Pol\u00edtica sa\u00fada a Organiza\u00e7\u00e3o da Mulher Mo\u00e7ambicana (OMM), pelo lan\u00e7amento das celebra\u00e7\u00f5es dos seus 50 anos de cria\u00e7\u00e3o, em reconhecimento do papel imprescind\u00edvel da Mulher na Consolida\u00e7\u00e3o da Unidade Nacional, Paz, Democracia e desenvolvimento socio-econ\u00f3mico.<\/p>\n<p>A Comiss\u00e3o Pol\u00edtica decidiu pela desloca\u00e7\u00e3o das Brigadas Centrais de assist\u00eancia \u00e0s prov\u00edncias, de 4 a 8 de Mar\u00e7o corrente, com o objectivo de prestar solidariedade \u00e0s fam\u00edlias afectadas pelas cheias e inunda\u00e7\u00f5es no pa\u00eds, oficializar os Gabinetes Provinciais de Prepara\u00e7\u00e3o de Elei\u00e7\u00f5es, divulgar as decis\u00f5es sa\u00eddas do 12\u00ba Congresso da FRELIMO e exorta os militantes e simpatizantes do Partido a continuarem a fortalecer o esp\u00edrito de uni\u00e3o e coes\u00e3o, rumo a consolida\u00e7\u00e3o da paz e desenvolvimento do Pa\u00eds.<\/p>\n<p>60 ANOS CONSOLIDANDO A UNIDADE NACIONAL, PROMOVENDO A PAZ E DESENVOLVIMENTO FRELIMO, A FOR\u00c7A DA MUDAN\u00c7A<\/p>\n","protected":false},"excerpt":{"rendered":"<p>Sob Direc\u00e7\u00e3o do Camarada FILIPE JACINTO NYUSI, Presidente da FRELIMO e Presidente da Rep\u00fablica de Mo\u00e7ambique, teve lugar, no dia 01 de Mar\u00e7o de 2023, na Sede Nacional da FRELIMO, a 5\u00aa Sess\u00e3o Ordin\u00e1ria da Comiss\u00e3o Pol\u00edtica, para analisar a actual situa\u00e7\u00e3o pol\u00edtica, econ\u00f3mica e s\u00f3cio-cultural do pa\u00eds. A Comiss\u00e3o Pol\u00edtica foi informada sobre a &hellip;<\/p>\n","protected":false},"author":1,"featured_media":0,"comment_status":"open","ping_status":"open","sticky":false,"template":"","format":"standard","meta":{"_jetpack_memberships_contains_paid_content":false,"footnotes":""},"categories":[4],"tags":[],"class_list":["post-3667","post","type-post","status-publish","format-standard","hentry","category-outras"],"jetpack_featured_media_url":"","jetpack_sharing_enabled":true,"_links":{"self":[{"href":"https:\/\/www.frelimo.org.mz\/index.php?rest_route=\/wp\/v2\/posts\/3667","targetHints":{"allow":["GET"]}}],"collection":[{"href":"https:\/\/www.frelimo.org.mz\/index.php?rest_route=\/wp\/v2\/posts"}],"about":[{"href":"https:\/\/www.frelimo.org.mz\/index.php?rest_route=\/wp\/v2\/types\/post"}],"author":[{"embeddable":true,"href":"https:\/\/www.frelimo.org.mz\/index.php?rest_route=\/wp\/v2\/users\/1"}],"replies":[{"embeddable":true,"href":"https:\/\/www.frelimo.org.mz\/index.php?rest_route=%2Fwp%2Fv2%2Fcomments&post=3667"}],"version-history":[{"count":0,"href":"https:\/\/www.frelimo.org.mz\/index.php?rest_route=\/wp\/v2\/posts\/3667\/revisions"}],"wp:attachment":[{"href":"https:\/\/www.frelimo.org.mz\/index.php?rest_route=%2Fwp%2Fv2%2Fmedia&parent=3667"}],"wp:term":[{"taxonomy":"category","embeddable":true,"href":"https:\/\/www.frelimo.org.mz\/index.php?rest_route=%2Fwp%2Fv2%2Fcategories&post=3667"},{"taxonomy":"post_tag","embeddable":true,"href":"https:\/\/www.frelimo.org.mz\/index.php?rest_route=%2Fwp%2Fv2%2Ftags&post=3667"}],"curies":[{"name":"wp","href":"https:\/\/api.w.org\/{rel}","templated":true}]}}