{"id":3638,"date":"2023-01-27T08:17:11","date_gmt":"2023-01-27T08:17:11","guid":{"rendered":"https:\/\/www.frelimo.org.mz\/?p=3638"},"modified":"2023-01-27T08:17:11","modified_gmt":"2023-01-27T08:17:11","slug":"primeiro-secretario-do-comite-provincial-da-frelimo-visita-distritos-com-autarquias","status":"publish","type":"post","link":"https:\/\/www.frelimo.org.mz\/?p=3638","title":{"rendered":"Primeiro Secret\u00e1rio do Comit\u00e9 Provincial da Frelimo Visita Distritos com Autarquias*"},"content":{"rendered":"<p>O Camarada Primeiro Secret\u00e1rio do Comit\u00e9 Provincial do Partido Frelimo em Gaza, *Daniel Jo\u00e3o Matavele*, iniciou na manh\u00e3 desta ter\u00e7a-feira (24) um p\u00e9riplo de visita de trabalho pelos Distritos da prov\u00edncia de Gaza com<\/p>\n<p><!--more--><\/p>\n<p>Autarquias no \u00e2mbito de *apresenta\u00e7\u00e3o do novo Secretariado Provincial do Partido Frelimo*, eleito em Setembro \u00faltimo, aquando da 12\u00aa Confer\u00eancia Provincial da Frelimo, havida na Cidade de Chibuto.<\/p>\n<p>O Distrito de Bilene, agraciado com duas autarquias, *Vila da Macia e Vila da Praia do Bilene*, foi o pontap\u00e9 de sa\u00edda dos trabalhos do Camarada Primeiro Secret\u00e1rio.<\/p>\n<p>Para al\u00e9m do cumprimento do ponto acima, o Cda Matavel leva consigo um vasto leque de instrumentos que ir\u00e3o orientar os passos que a Frelimo tem pela frente, que t\u00eam que ver com a prepara\u00e7\u00e3o das elei\u00e7\u00f5es aut\u00e1rquicas de Outubro pr\u00f3ximo e as presidenciais de 2024.<\/p>\n<p>Deste leque importa destacar os seguintes pontos:<\/p>\n<p>\u25a0 *Transmitir sua gratid\u00e3o pela confian\u00e7a dos Camaradas \u00e0 nova direc\u00e7\u00e3o do Partido na Prov\u00edncia*;<\/p>\n<p>\u25a0 *Promover a prepara\u00e7\u00e3o das autarquias da Macia e Praia do Bilene para a vit\u00f3ria nas Elei\u00e7\u00f5es Aut\u00e1rquicas de Outubro*;<\/p>\n<p>\u25a0 *Intensificar a divulga\u00e7\u00e3o das diretrizes sa\u00eddas do 12\u2070 Congresso da Frelimo realizado de 23 a 28 de Setembro de 2022, na Cidade da Matola*;<\/p>\n<p>\u25a0 *Inaltecer a recondu\u00e7\u00e3o dos camaradas Filipe Jacinto Nyusi* e *Roque Silva Samual a Presidente e Secret\u00e1rio Geral da Frelimo, respectivamente*;<\/p>\n<p>\u25a0 *Instruir os Governos Distritais e Munic\u00edpios a fortalecer os mecanismos de combate ou preven\u00e7\u00e3o da c\u00f3lera na Prov\u00edncia, e no Bilene em particular*;<\/p>\n<p>\u25a0 *Exortar a popula\u00e7\u00e3o a melhorar os n\u00edveis de seguran\u00e7a dos seus bens, com particular aten\u00e7\u00e3o \u00e0 onda de roubo de viaturas, raptos, sequestros e fogo posto que preocupam o partido a todos os n\u00edveis*;<\/p>\n<p>\u25a0 *Combater o preconceito racial, \u00e9tnico, social, religioso, tribal, entre outros, no quadro da promo\u00e7\u00e3o da harmonia social que todos almejamos*;<\/p>\n<p>\u25a0 *Necessidade de preserva\u00e7\u00e3o da unidade e coes\u00e3o interna no seio dos diferentes estratos sociais do Distrito, tanto no c\u00f4mpito laboral, religioso, comunit\u00e1rio bem como no seio do Partido*.<\/p>\n<p>\u25a0 *Incutir nas comunidades a necessidade de abandonar os pensamentos de suic\u00eddio como sa\u00edda para resolu\u00e7\u00e3o de conflitos sociais ou individuais;*<\/p>\n<p>Nesta desloca\u00e7\u00e3o, com dura\u00e7\u00e3o de dois dias, o Camarada Primeiro Secret\u00e1rio Provincial esteve acompanhado por uma comitiva composta por 12 camaradas que respondem, alguns, pelos \u00f3rg\u00e3os sociais do partido a n\u00edvel provincial: *Escola Provincial da Frelimo*; *Secretariado Provincial da OMM; Secretariado Provincial da OJM; ACCLN; Secret\u00e1rio da Mobiliza\u00e7\u00e3o, Organiza\u00e7\u00f5es Sociais, Comunica\u00e7\u00e3o e Imagem; Administra\u00e7\u00e3o e Finan\u00e7as; Secret\u00e1rio da Organiza\u00e7\u00e3o, Forma\u00e7\u00e3o de Quadros, Assuntos Parlamentares e Governa\u00e7\u00e3o Local*.<\/p>\n<p>Orientou a Sess\u00e3o Extraordin\u00e1ria do Secretariado Distrital da Frelimo alargada a outros quadros. Manteve encontros com a *OMM*, *OJM*, *Funcion\u00e1rios do Munic\u00edpio da Macia*, *AMETRAMO*, *L\u00edderes Comunit\u00e1rios e Religiosos*.<\/p>\n<p>Nestes encontros, mereceram destaques o rep\u00fadio aos casos de suic\u00eddios e de fogo posto em resid\u00eancias que vitimaram 07 crian\u00e7as nos \u00faltimos 8 meses no Distrito.<\/p>\n<p>Colheu atentamente as preocupa\u00e7\u00f5es levantadas nos encontros, que convergiam no *melhoramento do abastecimento de \u00e1gua pot\u00e1vel, vias de acesso e distribui\u00e7\u00e3o de energia el\u00e9ctrica da rede p\u00fablica* e prometeu envidar esfor\u00e7os a outros n\u00edveis para a sua r\u00e1pida resolu\u00e7\u00e3o.<\/p>\n<p>Ouviu igualmente, os informes dos Concelhos Municipais das Vilas da Macia e Praia do Bilene que as avaliou positivamente, pese embora haja atraso no pagamento de sal\u00e1rio de Dezembro aos Funcion\u00e1rios do Munic\u00edpio da Praia do Bilene e recebeu garantia do respectivo edil que at\u00e9 semana seguinte a situa\u00e7\u00e3o seria regularizada atrav\u00e9s da receita pr\u00f3pria.<\/p>\n<p>*Bem haja o Camarada Filipe Jacinto Nyusi*<\/p>\n<p>*Bem haja Cda. Daniel Jo\u00e3o Matavele*<\/p>\n<p>*60 Anos Consolidando a Unidade Nacional Promovendo a Paz e Desenvolvimento*<br \/>*Frelimo a For\u00e7a da Mudan\u00e7a*<\/p>\n<p>*GCI Frelimo-Bilene*<\/p>\n","protected":false},"excerpt":{"rendered":"<p>O Camarada Primeiro Secret\u00e1rio do Comit\u00e9 Provincial do Partido Frelimo em Gaza, *Daniel Jo\u00e3o Matavele*, iniciou na manh\u00e3 desta ter\u00e7a-feira (24) um p\u00e9riplo de visita de trabalho pelos Distritos da prov\u00edncia de Gaza com Autarquias no \u00e2mbito de *apresenta\u00e7\u00e3o do novo Secretariado Provincial do Partido Frelimo*, eleito em Setembro \u00faltimo, aquando da 12\u00aa Confer\u00eancia Provincial &hellip;<\/p>\n","protected":false},"author":1,"featured_media":0,"comment_status":"open","ping_status":"open","sticky":false,"template":"","format":"standard","meta":{"_jetpack_memberships_contains_paid_content":false,"footnotes":""},"categories":[4],"tags":[],"class_list":["post-3638","post","type-post","status-publish","format-standard","hentry","category-outras"],"jetpack_featured_media_url":"","jetpack_sharing_enabled":true,"_links":{"self":[{"href":"https:\/\/www.frelimo.org.mz\/index.php?rest_route=\/wp\/v2\/posts\/3638","targetHints":{"allow":["GET"]}}],"collection":[{"href":"https:\/\/www.frelimo.org.mz\/index.php?rest_route=\/wp\/v2\/posts"}],"about":[{"href":"https:\/\/www.frelimo.org.mz\/index.php?rest_route=\/wp\/v2\/types\/post"}],"author":[{"embeddable":true,"href":"https:\/\/www.frelimo.org.mz\/index.php?rest_route=\/wp\/v2\/users\/1"}],"replies":[{"embeddable":true,"href":"https:\/\/www.frelimo.org.mz\/index.php?rest_route=%2Fwp%2Fv2%2Fcomments&post=3638"}],"version-history":[{"count":0,"href":"https:\/\/www.frelimo.org.mz\/index.php?rest_route=\/wp\/v2\/posts\/3638\/revisions"}],"wp:attachment":[{"href":"https:\/\/www.frelimo.org.mz\/index.php?rest_route=%2Fwp%2Fv2%2Fmedia&parent=3638"}],"wp:term":[{"taxonomy":"category","embeddable":true,"href":"https:\/\/www.frelimo.org.mz\/index.php?rest_route=%2Fwp%2Fv2%2Fcategories&post=3638"},{"taxonomy":"post_tag","embeddable":true,"href":"https:\/\/www.frelimo.org.mz\/index.php?rest_route=%2Fwp%2Fv2%2Ftags&post=3638"}],"curies":[{"name":"wp","href":"https:\/\/api.w.org\/{rel}","templated":true}]}}