{"id":3611,"date":"2022-10-05T16:51:53","date_gmt":"2022-10-05T16:51:53","guid":{"rendered":"https:\/\/www.frelimo.org.mz\/?p=3611"},"modified":"2022-10-05T16:51:53","modified_gmt":"2022-10-05T16:51:53","slug":"novos-membros-do-secretariado-do-comite-central-recebem-as-pastas-para-o-inicio-de-exercicio-de-funcoes","status":"publish","type":"post","link":"https:\/\/www.frelimo.org.mz\/?p=3611","title":{"rendered":"Novos membros do Secretariado do Comit\u00e9 Central recebem as Pastas para o in\u00edcio de exerc\u00edcio de fun\u00e7\u00f5es."},"content":{"rendered":"<p>NUM AMBIENTE DE CORDIALIDADE<\/p>\n<p>O acto teve lugar na Sede Nacional da Frelimo e foi testemunhado pelo rec\u00e9m reeleito Secret\u00e1rio Geral Roque Silva e pelos trabalhadores do Aparelho do Partido.<\/p>\n<p><!--more--><\/p>\n<p>&nbsp;<\/p>\n<p>Trata-se de S\u00f3nia Macuvel indicada para a \u00c1rea de Administra\u00e7\u00e3o e Finan\u00e7as, Jo\u00e3o Muchine Mudema para a \u00c1rea de Organiza\u00e7\u00e3o do Partido, Ludmila Maguni, para a \u00e1rea de Comunica\u00e7\u00e3o e Imagem, e Iazalde Ussene para Forma\u00e7\u00e3o e Quadros, Assuntos Parlamentares, Governa\u00e7\u00e3o Descentralizada e Aut\u00e1rquica.<\/p>\n<p>Cumulativamente a Secret\u00e1ria Ludomila ira coordenar as actividades da \u00e1rea de Mobiliza\u00e7\u00e3o e Organiza\u00e7\u00f5es Sociais e o Cda Iazalde a de Rela\u00e7\u00f5es Exteriores at\u00e9 a elei\u00e7\u00e3o dos respectivos Secret\u00e1rios.<\/p>\n<p>Na ocasi\u00e3o, o SG da FRELIMO enalteceu o trabalho realizado pelos membros do secretariado cessante, destacando o empenho e dinamismo demonstrados por esta equipa, no cumprimento das suas tarefas, cujo impacto ditou o sucesso do mandato 2017-2022 nas v\u00e1rias vertentes e do 12\u2070 Congresso em Part\u00edcula.<\/p>\n<p>Dirigindo se aos membros do Secretariado rec\u00e9m eleitos e que assumiram fun\u00e7\u00f5es, desafiou lhes a libertarem todas as iniciativas, inova\u00e7\u00e3o e criatividade atentos ao dever de servir \u00fanica e exclusivamente \u00e0 FRELIMO e aos mo\u00e7ambicanos, orientados pelo princ\u00edpio de disciplina partid\u00e1ria, inclus\u00e3o, uni\u00e3o e coes\u00e3o.<\/p>\n<p>Disse tratar-se de Quadros com larga experi\u00eancia no trabalho do Partido mas que essa experi\u00eancia ir\u00e1 precisar de uma conjuga\u00e7\u00e3o de esfor\u00e7os de todos os membros do Partido e dos trabalhadores do Aparelho do Partido em Particular para a produ\u00e7\u00e3o de resultados que est\u00e3o nas expectativas de todos.<\/p>\n<p>Os membros cessantes do Secretariado, agradeceram pela oportunidade que lhes foi dada de terem feito parte daquele \u00f3rg\u00e3o no mandato findo e manifestaram a sua disponibilidade em continuar a contribuir para o fortalecimento do Partido.<br \/>Um dos momentos marcantes do evento foi a troca de brindes entre os membros cessantes do Secretariado e os actuais.<\/p>\n<p>J\u00e1 no encerramento do evento Roque Silva disse n\u00e3o poder considerar aquele acto como de despedida dos quadros que deixaram de fazer parte do Secretariado pois, segundo ele, nenhum membro da FRELIMO se despede no seu pr\u00f3prio partido, esperando que todos continuem a dar a sua contribui\u00e7\u00e3o nos desafios que se colocam \u00e0 FRELIMO e que n\u00e3o s\u00e3o poucos.<\/p>\n","protected":false},"excerpt":{"rendered":"<p>NUM AMBIENTE DE CORDIALIDADE O acto teve lugar na Sede Nacional da Frelimo e foi testemunhado pelo rec\u00e9m reeleito Secret\u00e1rio Geral Roque Silva e pelos trabalhadores do Aparelho do Partido. &nbsp; Trata-se de S\u00f3nia Macuvel indicada para a \u00c1rea de Administra\u00e7\u00e3o e Finan\u00e7as, Jo\u00e3o Muchine Mudema para a \u00c1rea de Organiza\u00e7\u00e3o do Partido, Ludmila Maguni, &hellip;<\/p>\n","protected":false},"author":1,"featured_media":0,"comment_status":"open","ping_status":"open","sticky":false,"template":"","format":"standard","meta":{"_jetpack_memberships_contains_paid_content":false,"footnotes":""},"categories":[4],"tags":[],"class_list":["post-3611","post","type-post","status-publish","format-standard","hentry","category-outras"],"jetpack_featured_media_url":"","jetpack_sharing_enabled":true,"_links":{"self":[{"href":"https:\/\/www.frelimo.org.mz\/index.php?rest_route=\/wp\/v2\/posts\/3611","targetHints":{"allow":["GET"]}}],"collection":[{"href":"https:\/\/www.frelimo.org.mz\/index.php?rest_route=\/wp\/v2\/posts"}],"about":[{"href":"https:\/\/www.frelimo.org.mz\/index.php?rest_route=\/wp\/v2\/types\/post"}],"author":[{"embeddable":true,"href":"https:\/\/www.frelimo.org.mz\/index.php?rest_route=\/wp\/v2\/users\/1"}],"replies":[{"embeddable":true,"href":"https:\/\/www.frelimo.org.mz\/index.php?rest_route=%2Fwp%2Fv2%2Fcomments&post=3611"}],"version-history":[{"count":0,"href":"https:\/\/www.frelimo.org.mz\/index.php?rest_route=\/wp\/v2\/posts\/3611\/revisions"}],"wp:attachment":[{"href":"https:\/\/www.frelimo.org.mz\/index.php?rest_route=%2Fwp%2Fv2%2Fmedia&parent=3611"}],"wp:term":[{"taxonomy":"category","embeddable":true,"href":"https:\/\/www.frelimo.org.mz\/index.php?rest_route=%2Fwp%2Fv2%2Fcategories&post=3611"},{"taxonomy":"post_tag","embeddable":true,"href":"https:\/\/www.frelimo.org.mz\/index.php?rest_route=%2Fwp%2Fv2%2Ftags&post=3611"}],"curies":[{"name":"wp","href":"https:\/\/api.w.org\/{rel}","templated":true}]}}