{"id":3572,"date":"2022-09-12T22:00:00","date_gmt":"2022-09-12T22:00:00","guid":{"rendered":"https:\/\/www.frelimo.org.mz\/?p=3572"},"modified":"2022-09-12T22:00:00","modified_gmt":"2022-09-12T22:00:00","slug":"tomas-lucas-chitlango-reeleito-com-100-de-confianca-dos-camarada","status":"publish","type":"post","link":"https:\/\/www.frelimo.org.mz\/?p=3572","title":{"rendered":"Tom\u00e1s Lucas Chitlango reeleito com 100% de confian\u00e7a dos camarada"},"content":{"rendered":"<p>Foi confirmado na madrugada desta segunda-feira, 12 de Setembro, a elei\u00e7\u00e3o de Tom\u00e1s Lucas Chithlango, ao cargo do Primeiro-secret\u00e1rio do Comit\u00e9 Provincial do Partido FRELIMO em Manica, com 100% dos votos validamente expressos, no decurso da XII Confer\u00eancia Provincial do Partido do Batuque e de Ma\u00e7aroca na Prov\u00edncia Central do Pa\u00eds.<\/p>\n<p><!--more--><\/p>\n<p>&nbsp;<\/p>\n<p>A recondu\u00e7\u00e3o de Tom\u00e1s Chithlango para continuar no comando das r\u00e9deas do Sexagen\u00e1rio Partido FRELIMO em Manica, foi pela satisfa\u00e7\u00e3o e alinhamento das bases com lideran\u00e7as a v\u00e1rios n\u00edveis, consubstanciado pelo excelente trabalho por este realizado.<\/p>\n<p>Por outro Lado, foram eleitos para fazer parte deste secretariado, Cassene Inoque Fombe, Secret\u00e1rio do Comit\u00e9 Provincial para \u00c1rea de Organiza\u00e7\u00e3o, Beatriz Pereira, Secret\u00e1ria do Comit\u00e9 Provincial para Mobiliza\u00e7\u00e3o, Organiza\u00e7\u00f5es Sociais e Comunica\u00e7\u00e3o e Imagens, Filomena Manhi\u00e7a, Secret\u00e1ria do Comit\u00e9 Provincial para \u00c1rea de Forma\u00e7\u00e3o e Quadros, Assuntos Parlamentares, Assembleia Provincial e Aut\u00e1rquicas, Marcos Parra, Secret\u00e1rio do Comit\u00e9 Provincial para Administra\u00e7\u00e3o e Finan\u00e7as, e Estev\u00e3o Rupela, Secret\u00e1rio do Comit\u00e9 Provincial de Verifica\u00e7\u00e3o.<\/p>\n","protected":false},"excerpt":{"rendered":"<p>Foi confirmado na madrugada desta segunda-feira, 12 de Setembro, a elei\u00e7\u00e3o de Tom\u00e1s Lucas Chithlango, ao cargo do Primeiro-secret\u00e1rio do Comit\u00e9 Provincial do Partido FRELIMO em Manica, com 100% dos votos validamente expressos, no decurso da XII Confer\u00eancia Provincial do Partido do Batuque e de Ma\u00e7aroca na Prov\u00edncia Central do Pa\u00eds. &nbsp; A recondu\u00e7\u00e3o de &hellip;<\/p>\n","protected":false},"author":1,"featured_media":0,"comment_status":"open","ping_status":"open","sticky":false,"template":"","format":"standard","meta":{"_jetpack_memberships_contains_paid_content":false,"footnotes":""},"categories":[4],"tags":[],"class_list":["post-3572","post","type-post","status-publish","format-standard","hentry","category-outras"],"jetpack_featured_media_url":"","jetpack_sharing_enabled":true,"_links":{"self":[{"href":"https:\/\/www.frelimo.org.mz\/index.php?rest_route=\/wp\/v2\/posts\/3572","targetHints":{"allow":["GET"]}}],"collection":[{"href":"https:\/\/www.frelimo.org.mz\/index.php?rest_route=\/wp\/v2\/posts"}],"about":[{"href":"https:\/\/www.frelimo.org.mz\/index.php?rest_route=\/wp\/v2\/types\/post"}],"author":[{"embeddable":true,"href":"https:\/\/www.frelimo.org.mz\/index.php?rest_route=\/wp\/v2\/users\/1"}],"replies":[{"embeddable":true,"href":"https:\/\/www.frelimo.org.mz\/index.php?rest_route=%2Fwp%2Fv2%2Fcomments&post=3572"}],"version-history":[{"count":0,"href":"https:\/\/www.frelimo.org.mz\/index.php?rest_route=\/wp\/v2\/posts\/3572\/revisions"}],"wp:attachment":[{"href":"https:\/\/www.frelimo.org.mz\/index.php?rest_route=%2Fwp%2Fv2%2Fmedia&parent=3572"}],"wp:term":[{"taxonomy":"category","embeddable":true,"href":"https:\/\/www.frelimo.org.mz\/index.php?rest_route=%2Fwp%2Fv2%2Fcategories&post=3572"},{"taxonomy":"post_tag","embeddable":true,"href":"https:\/\/www.frelimo.org.mz\/index.php?rest_route=%2Fwp%2Fv2%2Ftags&post=3572"}],"curies":[{"name":"wp","href":"https:\/\/api.w.org\/{rel}","templated":true}]}}