{"id":3569,"date":"2022-08-08T12:32:33","date_gmt":"2022-08-08T12:32:33","guid":{"rendered":"https:\/\/www.frelimo.org.mz\/?p=3569"},"modified":"2022-08-08T12:32:33","modified_gmt":"2022-08-08T12:32:33","slug":"caros-jovens","status":"publish","type":"post","link":"https:\/\/www.frelimo.org.mz\/?p=3569","title":{"rendered":"Caros jovens"},"content":{"rendered":"<p>Vivemos uma conjuntura interna e internacional marcada por v\u00e1rios fen\u00f3menos adversos, que vos convocam a assumir uma atitude mais patri\u00f3tica e de vanguarda na procura de solu\u00e7\u00f5es, com foco no desenvolvimento. Voc\u00eas<\/p>\n<p><!--more--><\/p>\n<p>s\u00e3o jovens de solu\u00e7\u00e3o.<\/p>\n<p>Como jovens, devem compreender e assumir que a prosperidade de uma na\u00e7\u00e3o implica que os seus intervenientes sejam capazes de lidar com desafios. Nesse processo, o debate construtivo de ideias e opini\u00f5es para melhor respondermos aos problemas que enfrentamos \u00e9 a via mais certa e segura. Por isso, sa\u00fado a vossa iniciativa de se reunirem na s\u00e9tima edi\u00e7\u00e3o da Confer\u00eancia Nacional da Juventude, cuja abertura tive o privil\u00e9gio de dirigir hoje em Maputo.<\/p>\n<p>O nosso Governo tem plena consci\u00eancia dos desafios que enfrentam. Reconhece as limitadas oportunidades de emprego. \u00c9 por isso que procuramos encontrar solu\u00e7\u00f5es de gera\u00e7\u00e3o de empregos atrav\u00e9s de programas de forma\u00e7\u00e3o e capacita\u00e7\u00e3o t\u00e9cnico-profissional. Pretendemos que estejam habilitados a criar auto-emprego ou aceder \u00e0s oportunidades de trabalho em diferentes projectos de desenvolvimento.<\/p>\n","protected":false},"excerpt":{"rendered":"<p>Vivemos uma conjuntura interna e internacional marcada por v\u00e1rios fen\u00f3menos adversos, que vos convocam a assumir uma atitude mais patri\u00f3tica e de vanguarda na procura de solu\u00e7\u00f5es, com foco no desenvolvimento. Voc\u00eas s\u00e3o jovens de solu\u00e7\u00e3o. Como jovens, devem compreender e assumir que a prosperidade de uma na\u00e7\u00e3o implica que os seus intervenientes sejam capazes &hellip;<\/p>\n","protected":false},"author":1,"featured_media":0,"comment_status":"open","ping_status":"open","sticky":false,"template":"","format":"standard","meta":{"_jetpack_memberships_contains_paid_content":false,"footnotes":""},"categories":[4],"tags":[],"class_list":["post-3569","post","type-post","status-publish","format-standard","hentry","category-outras"],"jetpack_featured_media_url":"","jetpack_sharing_enabled":true,"_links":{"self":[{"href":"https:\/\/www.frelimo.org.mz\/index.php?rest_route=\/wp\/v2\/posts\/3569","targetHints":{"allow":["GET"]}}],"collection":[{"href":"https:\/\/www.frelimo.org.mz\/index.php?rest_route=\/wp\/v2\/posts"}],"about":[{"href":"https:\/\/www.frelimo.org.mz\/index.php?rest_route=\/wp\/v2\/types\/post"}],"author":[{"embeddable":true,"href":"https:\/\/www.frelimo.org.mz\/index.php?rest_route=\/wp\/v2\/users\/1"}],"replies":[{"embeddable":true,"href":"https:\/\/www.frelimo.org.mz\/index.php?rest_route=%2Fwp%2Fv2%2Fcomments&post=3569"}],"version-history":[{"count":0,"href":"https:\/\/www.frelimo.org.mz\/index.php?rest_route=\/wp\/v2\/posts\/3569\/revisions"}],"wp:attachment":[{"href":"https:\/\/www.frelimo.org.mz\/index.php?rest_route=%2Fwp%2Fv2%2Fmedia&parent=3569"}],"wp:term":[{"taxonomy":"category","embeddable":true,"href":"https:\/\/www.frelimo.org.mz\/index.php?rest_route=%2Fwp%2Fv2%2Fcategories&post=3569"},{"taxonomy":"post_tag","embeddable":true,"href":"https:\/\/www.frelimo.org.mz\/index.php?rest_route=%2Fwp%2Fv2%2Ftags&post=3569"}],"curies":[{"name":"wp","href":"https:\/\/api.w.org\/{rel}","templated":true}]}}