{"id":3546,"date":"2022-06-23T22:00:00","date_gmt":"2022-06-23T22:00:00","guid":{"rendered":"https:\/\/www.frelimo.org.mz\/?p=3546"},"modified":"2022-06-23T22:00:00","modified_gmt":"2022-06-23T22:00:00","slug":"presidente-da-frelimo-recebe-representantes-de-partidos-amigos","status":"publish","type":"post","link":"https:\/\/www.frelimo.org.mz\/?p=3546","title":{"rendered":"PRESIDENTE DA FRELIMO RECEBE REPRESENTANTES DE PARTIDOS AMIGOS"},"content":{"rendered":"<p>O Presidente da FRELIMO e da Rep\u00fablica, Filipe Jacinto Nyusi, recebeu na tarde de hoje, em audi\u00eancias separadas, representantes de partidos e organiza\u00e7\u00f5es amigas, que participam nas celebra\u00e7\u00f5es dos 60 anos da FRELIMO.<\/p>\n<p><!--more--><\/p>\n<p>&nbsp;<\/p>\n<p>Dos representantes recebidos pelo Camarada Presidente, destaque vai para o vice-presidente do Chama Cha Mapinduzi, da Tanz\u00e2nia, Andulrahman Omar Kinana, que, dirigindo-se \u00e0 imprensa, afirmou que a sua estadia em Maputo visa participar das celebra\u00e7\u00f5es dos 60 anos da FRELIMO e estreitar os la\u00e7os hist\u00f3ricos de irmandade existentes entre as duas forma\u00e7\u00f5es pol\u00edticas.<\/p>\n<p>J\u00e1 o Secret\u00e1rio do Bureau Pol\u00edtico do MPLA para as Rela\u00e7\u00f5es Internacionais, Manuel Domingos Augusto, que tamb\u00e9m foi recebido pelo Presidente Nyusi, disse ter transmitido os cumprimentos do Presidente do MPLA, Jo\u00e3o Louren\u00e7o, em sauda\u00e7\u00e3o ao sexag\u00e9simo anivers\u00e1rio da FRELIMO.<\/p>\n<p>Outro dignat\u00e1rio recebido pelo Presidente da FRELIMO foi o Secret\u00e1rio Geral da Internacional Socialista, Lu\u00eds Ayala.<\/p>\n<p>Na ocasi\u00e3o, e falando a jornalistas, o Secret\u00e1rio Geral do partido, Roque Silva, assinalou que o momento serviu para o presidente partilhar experi\u00eancias com aquelas organiza\u00e7\u00f5es pol\u00edticas que, pela sua hist\u00f3ria, t\u00eam fortes liga\u00e7\u00f5es com a FRELIMO.<\/p>\n<p>Roque Silva sublinhou que a FRELIMO \u00e9 um partido de amizades, por isso, para as celebra\u00e7\u00f5es dos 60 anos da sua funda\u00e7\u00e3o, foram convidadas organiza\u00e7\u00f5es pol\u00edticas que transcendem os limites das fronteiras e regi\u00f5es, prevendo-se a presen\u00e7a de representantes de partidos pol\u00edticos n\u00e3o apenas da \u00c1frica Austral, mas de todos os continentes.<\/p>\n","protected":false},"excerpt":{"rendered":"<p>O Presidente da FRELIMO e da Rep\u00fablica, Filipe Jacinto Nyusi, recebeu na tarde de hoje, em audi\u00eancias separadas, representantes de partidos e organiza\u00e7\u00f5es amigas, que participam nas celebra\u00e7\u00f5es dos 60 anos da FRELIMO. &nbsp; Dos representantes recebidos pelo Camarada Presidente, destaque vai para o vice-presidente do Chama Cha Mapinduzi, da Tanz\u00e2nia, Andulrahman Omar Kinana, que, &hellip;<\/p>\n","protected":false},"author":1,"featured_media":0,"comment_status":"open","ping_status":"open","sticky":false,"template":"","format":"standard","meta":{"_jetpack_memberships_contains_paid_content":false,"footnotes":""},"categories":[4],"tags":[],"class_list":["post-3546","post","type-post","status-publish","format-standard","hentry","category-outras"],"jetpack_featured_media_url":"","jetpack_sharing_enabled":true,"_links":{"self":[{"href":"https:\/\/www.frelimo.org.mz\/index.php?rest_route=\/wp\/v2\/posts\/3546","targetHints":{"allow":["GET"]}}],"collection":[{"href":"https:\/\/www.frelimo.org.mz\/index.php?rest_route=\/wp\/v2\/posts"}],"about":[{"href":"https:\/\/www.frelimo.org.mz\/index.php?rest_route=\/wp\/v2\/types\/post"}],"author":[{"embeddable":true,"href":"https:\/\/www.frelimo.org.mz\/index.php?rest_route=\/wp\/v2\/users\/1"}],"replies":[{"embeddable":true,"href":"https:\/\/www.frelimo.org.mz\/index.php?rest_route=%2Fwp%2Fv2%2Fcomments&post=3546"}],"version-history":[{"count":0,"href":"https:\/\/www.frelimo.org.mz\/index.php?rest_route=\/wp\/v2\/posts\/3546\/revisions"}],"wp:attachment":[{"href":"https:\/\/www.frelimo.org.mz\/index.php?rest_route=%2Fwp%2Fv2%2Fmedia&parent=3546"}],"wp:term":[{"taxonomy":"category","embeddable":true,"href":"https:\/\/www.frelimo.org.mz\/index.php?rest_route=%2Fwp%2Fv2%2Fcategories&post=3546"},{"taxonomy":"post_tag","embeddable":true,"href":"https:\/\/www.frelimo.org.mz\/index.php?rest_route=%2Fwp%2Fv2%2Ftags&post=3546"}],"curies":[{"name":"wp","href":"https:\/\/api.w.org\/{rel}","templated":true}]}}