{"id":3519,"date":"2022-06-01T07:50:35","date_gmt":"2022-06-01T07:50:35","guid":{"rendered":"https:\/\/www.frelimo.org.mz\/?p=3519"},"modified":"2022-06-01T07:50:35","modified_gmt":"2022-06-01T07:50:35","slug":"as-seis-orientacoes-do-presidente-nyusi","status":"publish","type":"post","link":"https:\/\/www.frelimo.org.mz\/?p=3519","title":{"rendered":"As seis orienta\u00e7\u00f5es do Presidente Nyusi"},"content":{"rendered":"<p style=\"margin: 0px; color: #5e5e5e; font-family: Lato, arial, sans-serif; font-size: 18px;\">Ao fim dos trabalhos da V Sess\u00e3o Ordin\u00e1ria do Comit\u00e9 Central (CC) da FRELIMO, o presidente do partido, Filipe Nyusi, deixou orienta\u00e7\u00f5es aos membros e simpatizantes desta forma\u00e7\u00e3o pol\u00edtica que se fundam essencialmente em seis pontos.<\/p>\n<p><!--more--><\/p>\n<p style=\"margin: 0px; color: #5e5e5e; font-family: Lato, arial, sans-serif; font-size: 18px;\">&nbsp;<\/p>\n<p style=\"margin: 0px; color: #5e5e5e; font-family: Lato, arial, sans-serif; font-size: 18px;\">Trata-se de orienta\u00e7\u00f5es que, para Filipe Nyusi, devem estar nas prioridades da agenda de cada um dos militantes do partido no poder, sendo que a sua implementa\u00e7\u00e3o deve come\u00e7ar logo depois do encerramento dos trabalhos desta sess\u00e3o. Primeiro, os membros foram desafiados a acelerar os preparativos das celebra\u00e7\u00f5es dos 60 anos da funda\u00e7\u00e3o da Frelimo, que se assinalam a 25 de Junho.<\/p>\n<p style=\"margin: 0px; color: #5e5e5e; font-family: Lato, arial, sans-serif; font-size: 18px;\">Nyusi orientou, em segundo lugar, para que se trabalhe com vista a garantir que as elei\u00e7\u00f5es internas para os \u00f3rg\u00e3os do partido sejam realizadas num ambiente de uni\u00e3o, obedecendo \u00e0s regras definidas na directiva aprovada nesta sess\u00e3o.<\/p>\n<p style=\"margin: 0px; color: #5e5e5e; font-family: Lato, arial, sans-serif; font-size: 18px;\">\u201cOs membros devem manter a firmeza e lealdade \u00e0s nossas lideran\u00e7as aos diversos n\u00edveis, distanciar-se das tentativas de dentro e de fora de nos desviar para agendas inconfess\u00e1veis individuais ou de grupos em detrimento da nossa agenda colectiva e dos interesses dos mo\u00e7ambicanos\u201d, orientou o presidente, apontando como terceiro ponto.<\/p>\n<p style=\"margin: 0px; color: #5e5e5e; font-family: Lato, arial, sans-serif; font-size: 18px;\">No quadro da situa\u00e7\u00e3o de seguran\u00e7a, Filipe Nyusi orientou em quarto lugar para o prosseguimento, de forma resoluta, no combate ao terrorismo, \u00e0 criminalidade organizada, que inclui os raptos, com vista a promover a tranquilidade e paz social, bem como a melhoria do ambiente de neg\u00f3cios no pa\u00eds.<\/p>\n<p style=\"margin: 0px; color: #5e5e5e; font-family: Lato, arial, sans-serif; font-size: 18px;\">\u201cContinuar a esclarecer os cidad\u00e3os sobre as medidas a tomar para mitigar o impacto negativo da subida de pre\u00e7os de combust\u00edveis, cereais e outros produtos importados e tudo fazer para que os mesmos n\u00e3o sejam atingidos no seu limite m\u00e1ximo de sacrif\u00edcio\u201d, apelou, no quinto ponto.<\/p>\n<p style=\"margin: 0px; color: #5e5e5e; font-family: Lato, arial, sans-serif; font-size: 18px;\">E, em sexto lugar, o presidente da FRELIMO chamou aten\u00e7\u00e3o para a necessidade de todos \u201ccontinuarem empenhados na preven\u00e7\u00e3o e combate \u00e0 Covid-19, bem como o movimento de solidariedade para com as v\u00edtimas do terrorismo\u201d, considerando tratar-se de dois desafios que constituem ainda uma amea\u00e7a \u00e0 economia e soberania nacionais.<\/p>\n","protected":false},"excerpt":{"rendered":"<p>Ao fim dos trabalhos da V Sess\u00e3o Ordin\u00e1ria do Comit\u00e9 Central (CC) da FRELIMO, o presidente do partido, Filipe Nyusi, deixou orienta\u00e7\u00f5es aos membros e simpatizantes desta forma\u00e7\u00e3o pol\u00edtica que se fundam essencialmente em seis pontos. &nbsp; Trata-se de orienta\u00e7\u00f5es que, para Filipe Nyusi, devem estar nas prioridades da agenda de cada um dos militantes &hellip;<\/p>\n","protected":false},"author":1,"featured_media":0,"comment_status":"open","ping_status":"open","sticky":false,"template":"","format":"standard","meta":{"_jetpack_memberships_contains_paid_content":false,"footnotes":""},"categories":[4],"tags":[],"class_list":["post-3519","post","type-post","status-publish","format-standard","hentry","category-outras"],"jetpack_featured_media_url":"","jetpack_sharing_enabled":true,"_links":{"self":[{"href":"https:\/\/www.frelimo.org.mz\/index.php?rest_route=\/wp\/v2\/posts\/3519","targetHints":{"allow":["GET"]}}],"collection":[{"href":"https:\/\/www.frelimo.org.mz\/index.php?rest_route=\/wp\/v2\/posts"}],"about":[{"href":"https:\/\/www.frelimo.org.mz\/index.php?rest_route=\/wp\/v2\/types\/post"}],"author":[{"embeddable":true,"href":"https:\/\/www.frelimo.org.mz\/index.php?rest_route=\/wp\/v2\/users\/1"}],"replies":[{"embeddable":true,"href":"https:\/\/www.frelimo.org.mz\/index.php?rest_route=%2Fwp%2Fv2%2Fcomments&post=3519"}],"version-history":[{"count":0,"href":"https:\/\/www.frelimo.org.mz\/index.php?rest_route=\/wp\/v2\/posts\/3519\/revisions"}],"wp:attachment":[{"href":"https:\/\/www.frelimo.org.mz\/index.php?rest_route=%2Fwp%2Fv2%2Fmedia&parent=3519"}],"wp:term":[{"taxonomy":"category","embeddable":true,"href":"https:\/\/www.frelimo.org.mz\/index.php?rest_route=%2Fwp%2Fv2%2Fcategories&post=3519"},{"taxonomy":"post_tag","embeddable":true,"href":"https:\/\/www.frelimo.org.mz\/index.php?rest_route=%2Fwp%2Fv2%2Ftags&post=3519"}],"curies":[{"name":"wp","href":"https:\/\/api.w.org\/{rel}","templated":true}]}}