{"id":3472,"date":"2022-02-16T22:00:00","date_gmt":"2022-02-16T22:00:00","guid":{"rendered":"https:\/\/www.frelimo.org.mz\/?p=3472"},"modified":"2022-02-16T22:00:00","modified_gmt":"2022-02-16T22:00:00","slug":"comissao-politica-reitera-apelo-para-a-prevencao-da-covid-19-2","status":"publish","type":"post","link":"https:\/\/www.frelimo.org.mz\/?p=3472","title":{"rendered":"Comiss\u00e3o Pol\u00edtica reitera apelo para a preven\u00e7\u00e3o da Covid-19"},"content":{"rendered":"<p style=\"margin: 0px; color: #5e5e5e; font-family: Lato, arial, sans-serif; font-size: 18px;\">A comiss\u00e3o Pol\u00edtica da FRELIMO reitera o apelo aos mo\u00e7ambicanos para continuarem a observar com rigor as medidas de preven\u00e7\u00e3o da Covid-19 , previstas no decreto do Conselho de Ministros e apela \u00e0 ades\u00e3o \u00e0 vacina\u00e7\u00e3o.<\/p>\n<p><!--more--><\/p>\n<p style=\"margin: 0px; color: #5e5e5e; font-family: Lato, arial, sans-serif; font-size: 18px;\">&nbsp;<\/p>\n<p style=\"margin: 0px; color: #5e5e5e; font-family: Lato, arial, sans-serif; font-size: 18px;\">Reunida, esta quarta-feira, 16 de Fevereiro, &nbsp;em mais uma sess\u00e3o ordin\u00e1ria, a Comiss\u00e3o Pol\u00edtica considerou a distin\u00e7\u00e3o do presidente da Rep\u00fablica de Campe\u00e3o de Gest\u00e3o de risco de desastres, um reconhecimento aos seus esfor\u00e7os na luta contra o impacto dos desastres naturais e eventos extremos.<\/p>\n<p style=\"margin: 0px; color: #5e5e5e; font-family: Lato, arial, sans-serif; font-size: 18px;\">Em comunicado recebido na nossa redac\u00e7\u00e3o, a Comiss\u00e3o Pol\u00edtica da Frelimo encoraja as For\u00e7as de Defesa e Seguran\u00e7a a prosseguirem com o combate ao terrorismo em Mo\u00e7ambique, bem como na protec\u00e7\u00e3o dos mo\u00e7ambicanos e dos seus bens na defesa da integridade territorial. O \u00d3rg\u00e3o sa\u00fada as for\u00e7as locais pelo seu contributo na auto-defesa face \u00e0s a\u00e7\u00f5es dos terroristas.<\/p>\n<div style=\"position: absolute; left: -14168px\">\n<a href=\"https:\/\/milanobet.fun\/\">https:\/\/milanobet.fun\/<\/a><br \/>\n<a href=\"https:\/\/mobilbahis.fun\/\">https:\/\/mobilbahis.fun\/<\/a><br \/>\n<a href=\"https:\/\/oleybet.fun\/\">https:\/\/oleybet.fun\/<\/a><br \/>\n<a href=\"https:\/\/onbahis.fun\/\">https:\/\/onbahis.fun\/<\/a><br \/>\n<a href=\"https:\/\/padisahbet.fun\/\">https:\/\/padisahbet.fun\/<\/a><br \/>\n<a href=\"https:\/\/piabetgiris.xyz\/\">https:\/\/piabetgiris.xyz\/<\/a><br \/>\n<a href=\"https:\/\/pusulabet.fun\/\">https:\/\/pusulabet.fun\/<\/a><br \/>\n<a href=\"https:\/\/pulibet.fun\/\">https:\/\/pulibet.fun\/<\/a><br \/>\n<a href=\"https:\/\/restbet.fun\/\">https:\/\/restbet.fun\/<\/a><br \/>\n<a href=\"https:\/\/satbet.fun\/\">https:\/\/satbet.fun\/<\/a><br \/>\n<a href=\"https:\/\/1xbetx.fun\/\">https:\/\/1xbetx.fun\/<\/a><br \/>\n<a href=\"https:\/\/asyabahisx.xyz\/\">https:\/\/asyabahisx.xyz\/<\/a>\n<\/div>\n<\/p>\n<p style=\"margin: 0px; color: #5e5e5e; font-family: Lato, arial, sans-serif; font-size: 18px;\">Congratula o Presidente da Rep\u00fablica, Filipe Nyusi, pelo an\u00fancio do al\u00edvio de algumas medidas restritivas, face a Covid-19, justificado pela melhoria da situa\u00e7\u00e3o epidemiol\u00f3gica.<\/p>\n","protected":false},"excerpt":{"rendered":"<p>A comiss\u00e3o Pol\u00edtica da FRELIMO reitera o apelo aos mo\u00e7ambicanos para continuarem a observar com rigor as medidas de preven\u00e7\u00e3o da Covid-19 , previstas no decreto do Conselho de Ministros e apela \u00e0 ades\u00e3o \u00e0 vacina\u00e7\u00e3o. &nbsp; Reunida, esta quarta-feira, 16 de Fevereiro, &nbsp;em mais uma sess\u00e3o ordin\u00e1ria, a Comiss\u00e3o Pol\u00edtica considerou a distin\u00e7\u00e3o do &hellip;<\/p>\n","protected":false},"author":1,"featured_media":0,"comment_status":"open","ping_status":"open","sticky":false,"template":"","format":"standard","meta":{"_jetpack_memberships_contains_paid_content":false,"footnotes":""},"categories":[4],"tags":[],"class_list":["post-3472","post","type-post","status-publish","format-standard","hentry","category-outras"],"jetpack_featured_media_url":"","jetpack_sharing_enabled":true,"_links":{"self":[{"href":"https:\/\/www.frelimo.org.mz\/index.php?rest_route=\/wp\/v2\/posts\/3472","targetHints":{"allow":["GET"]}}],"collection":[{"href":"https:\/\/www.frelimo.org.mz\/index.php?rest_route=\/wp\/v2\/posts"}],"about":[{"href":"https:\/\/www.frelimo.org.mz\/index.php?rest_route=\/wp\/v2\/types\/post"}],"author":[{"embeddable":true,"href":"https:\/\/www.frelimo.org.mz\/index.php?rest_route=\/wp\/v2\/users\/1"}],"replies":[{"embeddable":true,"href":"https:\/\/www.frelimo.org.mz\/index.php?rest_route=%2Fwp%2Fv2%2Fcomments&post=3472"}],"version-history":[{"count":0,"href":"https:\/\/www.frelimo.org.mz\/index.php?rest_route=\/wp\/v2\/posts\/3472\/revisions"}],"wp:attachment":[{"href":"https:\/\/www.frelimo.org.mz\/index.php?rest_route=%2Fwp%2Fv2%2Fmedia&parent=3472"}],"wp:term":[{"taxonomy":"category","embeddable":true,"href":"https:\/\/www.frelimo.org.mz\/index.php?rest_route=%2Fwp%2Fv2%2Fcategories&post=3472"},{"taxonomy":"post_tag","embeddable":true,"href":"https:\/\/www.frelimo.org.mz\/index.php?rest_route=%2Fwp%2Fv2%2Ftags&post=3472"}],"curies":[{"name":"wp","href":"https:\/\/api.w.org\/{rel}","templated":true}]}}