{"id":3457,"date":"2022-02-02T22:00:00","date_gmt":"2022-02-02T22:00:00","guid":{"rendered":"https:\/\/www.frelimo.org.mz\/?p=3457"},"modified":"2022-02-02T22:00:00","modified_gmt":"2022-02-02T22:00:00","slug":"celebrar-o-dia-dos-herois-mocambicanos-e-reviver-os-feitos-dos-protagonistas-da-epopeia-libertaria-que-culminou-com-a-independencia-de-mocambique-disse-joana-guinda","status":"publish","type":"post","link":"https:\/\/www.frelimo.org.mz\/?p=3457","title":{"rendered":"&#8221; CELEBRAR O DIA DOS HER\u00d3IS MO\u00c7AMBICANOS, \u00c9 REVIVER OS FEITOS DOS PROTAGONISTAS DA EPOPEIA LIBERT\u00c1RIA QUE CULMINOU COM A INDEPEND\u00caNCIA DE MO\u00c7AMBIQUE&#8221; &#8211; DISSE JOANA GUINDA"},"content":{"rendered":"<p>Celebra-se, hoje, em todo o territ\u00f3rio nacional e na di\u00e1spora, 3 de Fevereiro, Dia dos Her\u00f3is Mo\u00e7ambicanos.<\/p>\n<p>A Excelent\u00edssima Senhora Joana Armando Jos\u00e9 Guinda Administradora do Distrito de Machaze no seu discurso disse que a data constitui uma ocasi\u00e3o solene para recordarmos e festejarmos a<\/p>\n<p><!--more--><\/p>\n<p>vida e obra daqueles que, em todas as etapas da nossa hist\u00f3ria, deram o melhor de si na resist\u00eancia e na luta vitoriosa do povo mo\u00e7ambicano contra a domina\u00e7\u00e3o colonial estrangeira.<\/p>\n<p>&#8221; Celebrar o dia dos her\u00f3is mo\u00e7ambicanos, \u00e9 reviver os feitos dos protagonistas da epopeia libert\u00e1ria que culminou com a Independ\u00eancia de Mo\u00e7ambique.&#8221; frisou a dirigente.<\/p>\n<p>Administradora do Distrito de Machaze prestou justa homenagem a todos aqueles que desde a primeira hora, sacrificando a sua juventude, decidiram dar a sua vida, para a nobre miss\u00e3o de libertar a p\u00e1tria. Segundo Joana Guinda, a gera\u00e7\u00e3o soube interpretar com o derramamento do seu sangue os mais nobres valores da liberdade, justi\u00e7a e defesa do seu povo.<\/p>\n<p>A timoneira do Distrito terminou o seu discurso tendo exortado a toda popula\u00e7\u00e3o do nosso belo e promissor distrito para que continuar sem distrac\u00e7\u00e3o, focalizados na nossa agenda colectiva: desenvolver nosso distrito.<\/p>\n<p>&#8221; Vamos aumentar a produ\u00e7\u00e3o e a produtividade. Vamos manter-nos firmes na busca da Paz, do progresso e do nosso pr\u00f3prio bem-estar&#8221; referiu Joana Guinda.<\/p>\n<p>MACHAZE, RUMO AO DESENVOLVIMENTO<\/p>\n","protected":false},"excerpt":{"rendered":"<p>Celebra-se, hoje, em todo o territ\u00f3rio nacional e na di\u00e1spora, 3 de Fevereiro, Dia dos Her\u00f3is Mo\u00e7ambicanos. A Excelent\u00edssima Senhora Joana Armando Jos\u00e9 Guinda Administradora do Distrito de Machaze no seu discurso disse que a data constitui uma ocasi\u00e3o solene para recordarmos e festejarmos a vida e obra daqueles que, em todas as etapas da &hellip;<\/p>\n","protected":false},"author":1,"featured_media":0,"comment_status":"open","ping_status":"open","sticky":false,"template":"","format":"standard","meta":{"_jetpack_memberships_contains_paid_content":false,"footnotes":""},"categories":[4],"tags":[],"class_list":["post-3457","post","type-post","status-publish","format-standard","hentry","category-outras"],"jetpack_featured_media_url":"","jetpack_sharing_enabled":true,"_links":{"self":[{"href":"https:\/\/www.frelimo.org.mz\/index.php?rest_route=\/wp\/v2\/posts\/3457","targetHints":{"allow":["GET"]}}],"collection":[{"href":"https:\/\/www.frelimo.org.mz\/index.php?rest_route=\/wp\/v2\/posts"}],"about":[{"href":"https:\/\/www.frelimo.org.mz\/index.php?rest_route=\/wp\/v2\/types\/post"}],"author":[{"embeddable":true,"href":"https:\/\/www.frelimo.org.mz\/index.php?rest_route=\/wp\/v2\/users\/1"}],"replies":[{"embeddable":true,"href":"https:\/\/www.frelimo.org.mz\/index.php?rest_route=%2Fwp%2Fv2%2Fcomments&post=3457"}],"version-history":[{"count":0,"href":"https:\/\/www.frelimo.org.mz\/index.php?rest_route=\/wp\/v2\/posts\/3457\/revisions"}],"wp:attachment":[{"href":"https:\/\/www.frelimo.org.mz\/index.php?rest_route=%2Fwp%2Fv2%2Fmedia&parent=3457"}],"wp:term":[{"taxonomy":"category","embeddable":true,"href":"https:\/\/www.frelimo.org.mz\/index.php?rest_route=%2Fwp%2Fv2%2Fcategories&post=3457"},{"taxonomy":"post_tag","embeddable":true,"href":"https:\/\/www.frelimo.org.mz\/index.php?rest_route=%2Fwp%2Fv2%2Ftags&post=3457"}],"curies":[{"name":"wp","href":"https:\/\/api.w.org\/{rel}","templated":true}]}}