{"id":3404,"date":"2021-07-12T22:00:00","date_gmt":"2021-07-12T22:00:00","guid":{"rendered":"https:\/\/www.frelimo.org.mz\/?p=3404"},"modified":"2021-07-12T22:00:00","modified_gmt":"2021-07-12T22:00:00","slug":"o-comite-distrital-do-partido-frelimo-em-macate-recebe-em-visita-de-trabalho-a-secretaria-provincial-para-area-de-mobilizacao-e-propaganda-comunicacao-e-imagem-e-organizacoes-sociais","status":"publish","type":"post","link":"https:\/\/www.frelimo.org.mz\/?p=3404","title":{"rendered":"O COMIT\u00c9 DISTRITAL DO PARTIDO FRELIMO EM MACATE, RECEBE EM VISITA DE TRABALHO A SECRET\u00c1RIA PROVINCIAL PARA \u00c1REA DE MOBILIZA\u00c7\u00c3O E PROPAGANDA, COMUNICA\u00c7\u00c3O E IMAGEM E ORGANIZA\u00c7\u00d5ES SOCIAIS"},"content":{"rendered":"<p>Reuniu-se nesta quarta-feira, 13 de Julho de 2021, por ocasi\u00e3o da visita do Cda Rifa Cassimo Abudu Secret\u00e1ria Provincial para \u00e1rea de Mobiliza\u00e7\u00e3o e Propaganda Comunica\u00e7\u00e3o e Imagem e Organiza\u00e7\u00f5es Sociais .<\/p>\n<p>A Cda Rifa Cassino Abudu fez- se ao distrito, acompanhada pela Cda Leonor Sambai.<\/p>\n<p><!--more--><\/p>\n<p>&nbsp;<\/p>\n<p>A Cda Rifa Cassimo Abudu Secret\u00e1ria Provincial para \u00e1rea de Mobiliza\u00e7\u00e3o e Propaganda Comunica\u00e7\u00e3o e Imagem e Organiza\u00e7\u00f5es Sociais, na sua chegada manteve o encontro de cortesia com o Cda Manuel Joaquim Dique, 1\u00ba Secret\u00e1rio do Comit\u00e9 Distrital. Dando seguimento com o programa, dirigiu a Sess\u00e3o Extraordin\u00e1ria com secretariado alargado aos outros quatros; Reuniu-se com as Organiza\u00e7\u00f5es Sociais; L\u00edderes Comunit\u00e1rios e Religiosos; visita \u00e0 ESG- Macate e Mercado sede de Macate .<\/p>\n<p>Dirigindo a sess\u00e3o, saudou o Relat\u00f3rio apresentado pelo Secretariado do Comit\u00e9 Distrital, recomendou a continuar com as quotiza\u00e7\u00f5es; Mobilizar para angaria\u00e7\u00e3o de mais membros . Outrossim, referiu que um dos grandes objectivos da sua chegada ao distrito \u00e9 de fazer a Monitoria de trabalho de base que o comit\u00e9 Distrital est\u00e1 levar a cabo no Distrito; Igualmente no \u00e2mbito de preven\u00e7\u00e3o da COVID-19 .<\/p>\n<p>Durante as reuni\u00f5es, Referiu que o partido FRELIMO \u00e9 uma organiza\u00e7\u00e3o comprometido com as realiza\u00e7\u00f5es e para o bem estar do povo mo\u00e7ambicano, disse ainda, deve- se enaltecer o trabalho que Cda Filipe Jacinto Nyusi, Presidente de Rep\u00fablica est\u00e1 levando a cabo; ser vectores na divulga\u00e7\u00e3o das realiza\u00e7\u00f5es e a sua imagem.<br \/> Doravante, apelou a trabalhar afincadamente na sensibiliza\u00e7\u00e3o da popula\u00e7\u00e3o no \u00e2mbito da preven\u00e7\u00e3o e da COVID-19.<\/p>\n<p>No outro contexto, a Cda Rifa Abuso, instou para que o partido no Distrito assegure a vis\u00e3o do Presidente da Rep\u00fablica, dando carinho \u00e0s pessoas envolvidas no processo de DDR que residem no distrito .<\/p>\n<p>Doravante, repudiou veementemente os ataque que est\u00e3o sendo perpetrado pelos insurgentes na prov\u00edncia de Cabo Delgado, estes que est\u00e3o retardar o desenvolvimento do pa\u00eds. <br \/>Para terminar recomendou a ACLLN para a divulga\u00e7\u00e3o da hist\u00f3ria da FRELIMO aos jovens; e a popula\u00e7\u00e3o em geral. <br \/>Durante as visitas a ESG- Macate e Mercado, a Cda Rifa Abudo, deixou o encorajamento e apelo na preven\u00e7\u00e3o da COVID-19, sobretudo no uso da m\u00e1scara facial, lavagem frequente das m\u00e3os com \u00e1gua e sab\u00e3o.<\/p>\n<p>A FRELIMO E NYUSI UNIDOS MO\u00c7AMBIQUE AVAN\u00c7A<\/p>\n","protected":false},"excerpt":{"rendered":"<p>Reuniu-se nesta quarta-feira, 13 de Julho de 2021, por ocasi\u00e3o da visita do Cda Rifa Cassimo Abudu Secret\u00e1ria Provincial para \u00e1rea de Mobiliza\u00e7\u00e3o e Propaganda Comunica\u00e7\u00e3o e Imagem e Organiza\u00e7\u00f5es Sociais . A Cda Rifa Cassino Abudu fez- se ao distrito, acompanhada pela Cda Leonor Sambai. &nbsp; A Cda Rifa Cassimo Abudu Secret\u00e1ria Provincial para &hellip;<\/p>\n","protected":false},"author":1,"featured_media":0,"comment_status":"open","ping_status":"open","sticky":false,"template":"","format":"standard","meta":{"_jetpack_memberships_contains_paid_content":false,"footnotes":""},"categories":[4],"tags":[],"class_list":["post-3404","post","type-post","status-publish","format-standard","hentry","category-outras"],"jetpack_featured_media_url":"","jetpack_sharing_enabled":true,"_links":{"self":[{"href":"https:\/\/www.frelimo.org.mz\/index.php?rest_route=\/wp\/v2\/posts\/3404","targetHints":{"allow":["GET"]}}],"collection":[{"href":"https:\/\/www.frelimo.org.mz\/index.php?rest_route=\/wp\/v2\/posts"}],"about":[{"href":"https:\/\/www.frelimo.org.mz\/index.php?rest_route=\/wp\/v2\/types\/post"}],"author":[{"embeddable":true,"href":"https:\/\/www.frelimo.org.mz\/index.php?rest_route=\/wp\/v2\/users\/1"}],"replies":[{"embeddable":true,"href":"https:\/\/www.frelimo.org.mz\/index.php?rest_route=%2Fwp%2Fv2%2Fcomments&post=3404"}],"version-history":[{"count":0,"href":"https:\/\/www.frelimo.org.mz\/index.php?rest_route=\/wp\/v2\/posts\/3404\/revisions"}],"wp:attachment":[{"href":"https:\/\/www.frelimo.org.mz\/index.php?rest_route=%2Fwp%2Fv2%2Fmedia&parent=3404"}],"wp:term":[{"taxonomy":"category","embeddable":true,"href":"https:\/\/www.frelimo.org.mz\/index.php?rest_route=%2Fwp%2Fv2%2Fcategories&post=3404"},{"taxonomy":"post_tag","embeddable":true,"href":"https:\/\/www.frelimo.org.mz\/index.php?rest_route=%2Fwp%2Fv2%2Ftags&post=3404"}],"curies":[{"name":"wp","href":"https:\/\/api.w.org\/{rel}","templated":true}]}}