{"id":3395,"date":"2021-06-23T22:00:00","date_gmt":"2021-06-23T22:00:00","guid":{"rendered":"https:\/\/www.frelimo.org.mz\/?p=3395"},"modified":"2021-06-23T22:00:00","modified_gmt":"2021-06-23T22:00:00","slug":"membro-da-comissao-politica-e-chefe-da-brigada-central-de-assistencia-a-provincia-de-nampula-visita-em-nampula","status":"publish","type":"post","link":"https:\/\/www.frelimo.org.mz\/?p=3395","title":{"rendered":"MEMBRO DA COMISS\u00c3O POLITICA E CHEFE DA BRIGADA CENTRAL DE ASSIST\u00caNCIA \u00c0 PROV\u00cdNCIA DE NAMPULA VISITA EM NAMPULA"},"content":{"rendered":"<p>O Membro da Comiss\u00e3o Pol\u00edtica e Chefe da Brigada Central de assist\u00eancia \u00e0 Prov\u00edncia de Nampula, Eneas Comiche escalou nesta quinta-feira (24) em visita de trabalho de 3 dias \u00e0 Prov\u00edncia de Nampula.<\/p>\n<p><!--more--><\/p>\n<p>&nbsp;<\/p>\n<p>Em confer\u00eancia de imprensa concedido nesta manh\u00e3 pelo Membro da Comiss\u00e3o Pol\u00edtica apois a sua chegada disse que, est\u00e1 de visita de trabalho na Prov\u00edncia de Nampula de 24 \u00e0 26 de Junho do ano em curso para um trabalho de base.<\/p>\n<p>Na mesma confer\u00eancia, o Membro da Comiss\u00e3o Pol\u00edtica sublinhou que dentre v\u00e1rias actividades de base ir\u00e1 proceder ao n\u00edvel da Prov\u00edncia o lan\u00e7amento dos 60 anos da cria\u00e7\u00e3o do Partido FRELIMO e das celebra\u00e7\u00f5es do 46\u00b0 anivers\u00e1rio da conquista da Independ\u00eancia em Mo\u00e7ambique.<\/p>\n<p>A cerm\u00f3nia de lan\u00e7amento dos 60 anos da cria\u00e7\u00e3o do Partido FRELIMO comemora-se sob o lema: &#8221;60 anos da FRELIMO, Consolidando a Unidade Nacional, Promovendo a Paz e Desenvolvimento de Mo\u00e7ambique&#8221; .<\/p>\n<p>Na mesma ocasi\u00e3o, Eneas Comiche disse estar satisfeito pelo esp\u00edrito de generosidade, solidariedade e a prontid\u00e3o da popula\u00e7\u00e3o ao n\u00edvel da Provinvia de Nampula com as fam\u00edlias deslocadas v\u00edtima de ac\u00e7\u00e3o dos terroristas na vizinha Prov\u00edncia de Cabo-Delegado que faz com que Nampula aumentasse em cerca de 64.500 deslocados.<\/p>\n<p>&#8221; A popula\u00e7\u00e3o de Nampula tem sabido dar abrigos aos deslocados, facto este que nos deixa bastante satisfeito, ali\u00e1s n\u00f3s a FRRLIMO consideramos um bom sinal e todos devem abra\u00e7ar esta causa de Movimento solid\u00e1rio com as familias deslocadas e que maioritariamente s\u00e3o mulheres e crian\u00e7as orf\u00e3os de pais&#8221;- referiu Eneas Comiche.<\/p>\n<p>Outrossim, Eneas Comiche disse que o lan\u00e7amento oficial ser\u00e1 procedido amanh\u00e3 em todo pa\u00eds pelo Presidente da FRELIMO e da Rep\u00fablica, Filipe Nyusi onde as Prov\u00edncias e distritos far\u00e3o as r\u00e9plicas.<\/p>\n<p>A cerm\u00f3nia de lan\u00e7amento dos 60 anos da cria\u00e7\u00e3o do Partido FRELIMO e das celebra\u00e7\u00f5es do 46\u00b0 anivers\u00e1rio da conquista da Independ\u00eancia Nacional ir\u00e1 culminar com muitas actividades que ser\u00e3o levado a cabo pelos membros do Partido FRELIMO em todos n\u00edveis.<\/p>\n<p>Num outro desenvolvimento, o Membro da Comiss\u00e3o Pol\u00edtica e Chefe da Brigada Central de assist\u00eancia \u00e0 Prov\u00edncia de Nampula reiterou a popula\u00e7\u00e3o de Nampula e do mundo em geral a necessidade de continuar esfor\u00e7os no combate a pandemia da COVID-19.<\/p>\n<p>Ap\u00f3s confer\u00eancia de imprensa, Eneas Comiche orientou o semin\u00e1rio de Capacita\u00e7\u00e3o aos Membros das brigadas Provinciais de assist\u00eancias aos distritos, 1\u00bas Secret\u00e1rios dos Comit\u00e9s de Zonas e Circulos do Distrito de Nampula, as organiza\u00e7\u00f5es sociais do Partido FRELIMO (ACLLN, OMM e OJM) e outros quadros.<\/p>\n<p>UNIDADE PAZ E DESENVOLVIMENTO, FRELIMO A FOR\u00c7A DA MUDAN\u00c7A.<\/p>\n","protected":false},"excerpt":{"rendered":"<p>O Membro da Comiss\u00e3o Pol\u00edtica e Chefe da Brigada Central de assist\u00eancia \u00e0 Prov\u00edncia de Nampula, Eneas Comiche escalou nesta quinta-feira (24) em visita de trabalho de 3 dias \u00e0 Prov\u00edncia de Nampula. &nbsp; Em confer\u00eancia de imprensa concedido nesta manh\u00e3 pelo Membro da Comiss\u00e3o Pol\u00edtica apois a sua chegada disse que, est\u00e1 de visita &hellip;<\/p>\n","protected":false},"author":1,"featured_media":0,"comment_status":"open","ping_status":"open","sticky":false,"template":"","format":"standard","meta":{"_jetpack_memberships_contains_paid_content":false,"footnotes":""},"categories":[4],"tags":[],"class_list":["post-3395","post","type-post","status-publish","format-standard","hentry","category-outras"],"jetpack_featured_media_url":"","jetpack_sharing_enabled":true,"_links":{"self":[{"href":"https:\/\/www.frelimo.org.mz\/index.php?rest_route=\/wp\/v2\/posts\/3395","targetHints":{"allow":["GET"]}}],"collection":[{"href":"https:\/\/www.frelimo.org.mz\/index.php?rest_route=\/wp\/v2\/posts"}],"about":[{"href":"https:\/\/www.frelimo.org.mz\/index.php?rest_route=\/wp\/v2\/types\/post"}],"author":[{"embeddable":true,"href":"https:\/\/www.frelimo.org.mz\/index.php?rest_route=\/wp\/v2\/users\/1"}],"replies":[{"embeddable":true,"href":"https:\/\/www.frelimo.org.mz\/index.php?rest_route=%2Fwp%2Fv2%2Fcomments&post=3395"}],"version-history":[{"count":0,"href":"https:\/\/www.frelimo.org.mz\/index.php?rest_route=\/wp\/v2\/posts\/3395\/revisions"}],"wp:attachment":[{"href":"https:\/\/www.frelimo.org.mz\/index.php?rest_route=%2Fwp%2Fv2%2Fmedia&parent=3395"}],"wp:term":[{"taxonomy":"category","embeddable":true,"href":"https:\/\/www.frelimo.org.mz\/index.php?rest_route=%2Fwp%2Fv2%2Fcategories&post=3395"},{"taxonomy":"post_tag","embeddable":true,"href":"https:\/\/www.frelimo.org.mz\/index.php?rest_route=%2Fwp%2Fv2%2Ftags&post=3395"}],"curies":[{"name":"wp","href":"https:\/\/api.w.org\/{rel}","templated":true}]}}