{"id":3382,"date":"2021-05-28T17:28:58","date_gmt":"2021-05-28T17:28:58","guid":{"rendered":"https:\/\/www.frelimo.org.mz\/?p=3382"},"modified":"2021-05-28T17:28:58","modified_gmt":"2021-05-28T17:28:58","slug":"nesta-tarde-o-camarada-presidente-filipe-jacinto-nyusi-inaugurou-o-centro-de-saude-no-ambito-do-projecto-um-distrito-um-hospital","status":"publish","type":"post","link":"https:\/\/www.frelimo.org.mz\/?p=3382","title":{"rendered":"Nesta tarde, o Camarada Presidente FILIPE JACINTO NYUSI, inaugurou o Centro de Sa\u00fade, no \u00e2mbito do Projecto &#8221; Um Distrito, Um Hospital.&#8221;"},"content":{"rendered":"<p>Este Centro de Sa\u00fade vai beneficiar a uma popula\u00e7\u00e3o estimada em 142.342 habitantes e conta com servi\u00e7os de internamento, maternidade, salas de triagem e laborat\u00f3rio, entre outros.<\/p>\n<p>A inaugura\u00e7\u00e3o desta infra-estrutura ir\u00e1 descongestionar o Hospital Provincial de Tete tendo em conta os servi\u00e7os que ser\u00e3o oferecidos e o refor\u00e7o de m\u00e9dicos e pediatras.<\/p>\n","protected":false},"excerpt":{"rendered":"<p>Este Centro de Sa\u00fade vai beneficiar a uma popula\u00e7\u00e3o estimada em 142.342 habitantes e conta com servi\u00e7os de internamento, maternidade, salas de triagem e laborat\u00f3rio, entre outros. A inaugura\u00e7\u00e3o desta infra-estrutura ir\u00e1 descongestionar o Hospital Provincial de Tete tendo em conta os servi\u00e7os que ser\u00e3o oferecidos e o refor\u00e7o de m\u00e9dicos e pediatras.<\/p>\n","protected":false},"author":1,"featured_media":0,"comment_status":"open","ping_status":"open","sticky":false,"template":"","format":"standard","meta":{"_jetpack_memberships_contains_paid_content":false,"footnotes":""},"categories":[4],"tags":[],"class_list":["post-3382","post","type-post","status-publish","format-standard","hentry","category-outras"],"jetpack_featured_media_url":"","jetpack_sharing_enabled":true,"_links":{"self":[{"href":"https:\/\/www.frelimo.org.mz\/index.php?rest_route=\/wp\/v2\/posts\/3382","targetHints":{"allow":["GET"]}}],"collection":[{"href":"https:\/\/www.frelimo.org.mz\/index.php?rest_route=\/wp\/v2\/posts"}],"about":[{"href":"https:\/\/www.frelimo.org.mz\/index.php?rest_route=\/wp\/v2\/types\/post"}],"author":[{"embeddable":true,"href":"https:\/\/www.frelimo.org.mz\/index.php?rest_route=\/wp\/v2\/users\/1"}],"replies":[{"embeddable":true,"href":"https:\/\/www.frelimo.org.mz\/index.php?rest_route=%2Fwp%2Fv2%2Fcomments&post=3382"}],"version-history":[{"count":0,"href":"https:\/\/www.frelimo.org.mz\/index.php?rest_route=\/wp\/v2\/posts\/3382\/revisions"}],"wp:attachment":[{"href":"https:\/\/www.frelimo.org.mz\/index.php?rest_route=%2Fwp%2Fv2%2Fmedia&parent=3382"}],"wp:term":[{"taxonomy":"category","embeddable":true,"href":"https:\/\/www.frelimo.org.mz\/index.php?rest_route=%2Fwp%2Fv2%2Fcategories&post=3382"},{"taxonomy":"post_tag","embeddable":true,"href":"https:\/\/www.frelimo.org.mz\/index.php?rest_route=%2Fwp%2Fv2%2Ftags&post=3382"}],"curies":[{"name":"wp","href":"https:\/\/api.w.org\/{rel}","templated":true}]}}