{"id":3378,"date":"2021-05-28T16:53:00","date_gmt":"2021-05-28T16:53:00","guid":{"rendered":"https:\/\/www.frelimo.org.mz\/?p=3378"},"modified":"2021-05-28T16:53:00","modified_gmt":"2021-05-28T16:53:00","slug":"primeira-dama-da-republica-de-mocambique-visita-provincia-da-zambezia","status":"publish","type":"post","link":"https:\/\/www.frelimo.org.mz\/?p=3378","title":{"rendered":"PRIMEIRA DAMA DA REP\u00daBLICA DE MO\u00c7AMBIQUE VISITA  PROV\u00cdNCIA DA ZAMB\u00c9ZIA"},"content":{"rendered":"<p>A Esposa do Presidente da Rep\u00fablica Dra. Isaura Ferr\u00e3o Nyusi, escalou ontem, 27\/05\/2021 a prov\u00edncia da Zamb\u00e9zia numa agenda de trabalho de 2 dias!<\/p>\n<p>Na Zamb\u00e9zia, a Primeira dama orienta o Semin\u00e1rio Nacional de Avalia\u00e7\u00e3o, Planifica\u00e7\u00e3o e Indu\u00e7\u00e3o no \u00c2mbito do Movimento para Advocacia, Sensibiliza\u00e7\u00e3o e Mobiliza\u00e7\u00e3o de Recursos para Alfabetiza\u00e7\u00e3o (MASMA), na qualidade de Presidente do mesmo Movimento que \u00e9 coadjuvada por Sua Excel\u00eancia Carmelita Rita Namashulua, Ministra da Educa\u00e7\u00e3o e Desenvolvimento Humano &#8211; Vice-Presidente do MASMA.<\/p>\n<p>Por uma Educa\u00e7\u00e3o Inclusiva, Patri\u00f3tica e de Qualidade<\/p>\n","protected":false},"excerpt":{"rendered":"<p>A Esposa do Presidente da Rep\u00fablica Dra. Isaura Ferr\u00e3o Nyusi, escalou ontem, 27\/05\/2021 a prov\u00edncia da Zamb\u00e9zia numa agenda de trabalho de 2 dias! Na Zamb\u00e9zia, a Primeira dama orienta o Semin\u00e1rio Nacional de Avalia\u00e7\u00e3o, Planifica\u00e7\u00e3o e Indu\u00e7\u00e3o no \u00c2mbito do Movimento para Advocacia, Sensibiliza\u00e7\u00e3o e Mobiliza\u00e7\u00e3o de Recursos para Alfabetiza\u00e7\u00e3o (MASMA), na qualidade de &hellip;<\/p>\n","protected":false},"author":1,"featured_media":0,"comment_status":"open","ping_status":"open","sticky":false,"template":"","format":"standard","meta":{"_jetpack_memberships_contains_paid_content":false,"footnotes":""},"categories":[4],"tags":[],"class_list":["post-3378","post","type-post","status-publish","format-standard","hentry","category-outras"],"jetpack_featured_media_url":"","jetpack_sharing_enabled":true,"_links":{"self":[{"href":"https:\/\/www.frelimo.org.mz\/index.php?rest_route=\/wp\/v2\/posts\/3378","targetHints":{"allow":["GET"]}}],"collection":[{"href":"https:\/\/www.frelimo.org.mz\/index.php?rest_route=\/wp\/v2\/posts"}],"about":[{"href":"https:\/\/www.frelimo.org.mz\/index.php?rest_route=\/wp\/v2\/types\/post"}],"author":[{"embeddable":true,"href":"https:\/\/www.frelimo.org.mz\/index.php?rest_route=\/wp\/v2\/users\/1"}],"replies":[{"embeddable":true,"href":"https:\/\/www.frelimo.org.mz\/index.php?rest_route=%2Fwp%2Fv2%2Fcomments&post=3378"}],"version-history":[{"count":0,"href":"https:\/\/www.frelimo.org.mz\/index.php?rest_route=\/wp\/v2\/posts\/3378\/revisions"}],"wp:attachment":[{"href":"https:\/\/www.frelimo.org.mz\/index.php?rest_route=%2Fwp%2Fv2%2Fmedia&parent=3378"}],"wp:term":[{"taxonomy":"category","embeddable":true,"href":"https:\/\/www.frelimo.org.mz\/index.php?rest_route=%2Fwp%2Fv2%2Fcategories&post=3378"},{"taxonomy":"post_tag","embeddable":true,"href":"https:\/\/www.frelimo.org.mz\/index.php?rest_route=%2Fwp%2Fv2%2Ftags&post=3378"}],"curies":[{"name":"wp","href":"https:\/\/api.w.org\/{rel}","templated":true}]}}