{"id":3356,"date":"2021-04-19T21:09:29","date_gmt":"2021-04-19T21:09:29","guid":{"rendered":"https:\/\/www.frelimo.org.mz\/?p=3356"},"modified":"2021-04-19T21:09:29","modified_gmt":"2021-04-19T21:09:29","slug":"sg-da-frelimo-insta-mocambicanos-a-inspirarem-se-no-presidente-nyusi-na-superacao-de-adversidades","status":"publish","type":"post","link":"https:\/\/www.frelimo.org.mz\/?p=3356","title":{"rendered":"SG DA FRELIMO INSTA MOCAMBICANOS \u00c0 INSPIRAREM-SE NO PRESIDENTE NYUSI NA SUPERA\u00c7\u00c3O DE ADVERSIDADES"},"content":{"rendered":"<div>Que falava hoje em Ancuabe no terceiro dia de visita a Cabo Delgado, Roque&nbsp; Silva, saudou aos membros e militantes do Partido pela vit\u00f3ria alcan\u00e7ada nas elei\u00e7\u00f5es findas e disse que agora temos de nos concentrar no<br \/>\n<!--more--><br \/>\ncumprimento do manifesto eleitoral, desafio que acontece com tr\u00eas grandes contrariedades nomeadamente os ataques terroristas, da junta militar da Renamo e a Covid 19.<\/div>\n<div>&nbsp;<\/div>\n<div>Para alcance de resultados que respondam a expectativa dos mo\u00e7ambicanos nesta empreitada o SG chamou todos os membros e simpatizantes da FRELIMO e a popula\u00e7\u00e3o em geral na busca de solu\u00e7\u00f5es de desenvolvimento num mundo de adversidades tal como nos tem habituado desde da sua investidura para o primeiro mandato em 2015 onde n\u00e3o obstante a situa\u00e7\u00e3o de cheias, seca, ciclones, ataques da Renamo, retirada do apoio ao or\u00e7amento pelos parceiros o pa\u00eds deu prova de resili\u00eancia ao apresentar no fim do mandato resultados que bastante nos orgulharam como na\u00e7\u00e3o, raz\u00e3o da confian\u00e7a depositada \u00e1 FRELIMO e ao seu candidato nas elei\u00e7\u00f5es passadas.<\/div>\n<div>&nbsp;<\/div>\n<div>Destacou como exemplo das grandes realiza\u00e7\u00f5es do mandato findo o aumento da produ\u00e7\u00e3o e produtividade o que permitiu redu\u00e7\u00e3o de importa\u00e7\u00f5es de produtos como cereais, frangos, ovos dentre outros, a massifica\u00e7\u00e3o da produ\u00e7\u00e3o e distribui\u00e7\u00e3o de carteiras escolares, a expans\u00e3o do acesso energia el\u00e9trica da rede nacional para todas as sedes dos distritos dentre outras realiza\u00e7\u00f5es de vulto.<\/div>\n<div>&nbsp;<\/div>\n<div>Instou os jovens a abra\u00e7arem a forma\u00e7\u00e3o vocacional, ao empreendedorismo e a libertarem iniciativa e criatividade na busca de solu\u00e7\u00f5es para os desafios de actualidade.<\/div>\n<div>&nbsp;<\/div>\n<div>O Secret\u00e1rio Geral visitou o Centro de acomoda\u00e7\u00e3o de Ancuabe&nbsp; para onde foi transferida parte dos deslocado que se encontravam na cidade de Pemba, uma aldeia bem ordenada e estruturada onde cada fam\u00edlia tem o seu talh\u00e3o, a sua machamba, espa\u00e7os infra estruturas p\u00fablica, para recrea\u00e7\u00e3o dentre outros.<\/div>\n<div>&nbsp;<\/div>\n<div>Roque Silva, testemunhou com satisfa\u00e7\u00e3o a retoma da normalidade da vida dos deslocados do Centro de Ancuabe, onde fez compras b\u00e1sicas no mercado ali constru\u00eddo. Os campos verdes e com sinais claros de exist\u00eancia de alguma produ\u00e7\u00e3o conseguida por aquela popula\u00e7\u00e3o foi um dos atrativo para aquele dirigente da FRELIMO n\u00e3o esconder a sua emo\u00e7\u00e3o.&nbsp;<\/div>\n<div>&nbsp;<\/div>\n<div>Na visita ao Posto de Sa\u00fade local ficou impressionado pelo facto de os Agentes Polivalentes Elementares que assistem aos pacientes serem provenientes do seio dos deslocados sob supervis\u00e3o dos t\u00e9cnicos do sistema nacional de sa\u00fade.<\/div>\n<div>&nbsp;<\/div>\n<div>Exortou a popula\u00e7\u00e3o ao refor\u00e7o da vigil\u00e2ncia e a denuncia de qualquer movimento que atente \u00e0 tranquilidade que ali se vive, tendo sublinhado que a Paz, reconcilia\u00e7\u00e3o s\u00e3o condi\u00e7\u00f5es indispens\u00e1veis para o desenvolvimento do pa\u00eds, e que cada um tem um papel a desempenhar na constru\u00e7\u00e3o e consolida\u00e7\u00e3o deste bem coletivo.<\/div>\n<div>&nbsp;<\/div>\n<div>O SG orientou em Ancuabe diversos encontros, destaques para a Sess\u00e3o Extraordin\u00e1ria do Secretariado do Comit\u00e9 Distrital, alargada aos quadros e com as organiza\u00e7\u00f5es sociais.<\/div>\n","protected":false},"excerpt":{"rendered":"<p>Que falava hoje em Ancuabe no terceiro dia de visita a Cabo Delgado, Roque&nbsp; Silva, saudou aos membros e militantes do Partido pela vit\u00f3ria alcan\u00e7ada nas elei\u00e7\u00f5es findas e disse que agora temos de nos concentrar no cumprimento do manifesto eleitoral, desafio que acontece com tr\u00eas grandes contrariedades nomeadamente os ataques terroristas, da junta militar &hellip;<\/p>\n","protected":false},"author":1,"featured_media":0,"comment_status":"open","ping_status":"open","sticky":false,"template":"","format":"standard","meta":{"_jetpack_memberships_contains_paid_content":false,"footnotes":""},"categories":[4],"tags":[],"class_list":["post-3356","post","type-post","status-publish","format-standard","hentry","category-outras"],"jetpack_featured_media_url":"","jetpack_sharing_enabled":true,"_links":{"self":[{"href":"https:\/\/www.frelimo.org.mz\/index.php?rest_route=\/wp\/v2\/posts\/3356","targetHints":{"allow":["GET"]}}],"collection":[{"href":"https:\/\/www.frelimo.org.mz\/index.php?rest_route=\/wp\/v2\/posts"}],"about":[{"href":"https:\/\/www.frelimo.org.mz\/index.php?rest_route=\/wp\/v2\/types\/post"}],"author":[{"embeddable":true,"href":"https:\/\/www.frelimo.org.mz\/index.php?rest_route=\/wp\/v2\/users\/1"}],"replies":[{"embeddable":true,"href":"https:\/\/www.frelimo.org.mz\/index.php?rest_route=%2Fwp%2Fv2%2Fcomments&post=3356"}],"version-history":[{"count":0,"href":"https:\/\/www.frelimo.org.mz\/index.php?rest_route=\/wp\/v2\/posts\/3356\/revisions"}],"wp:attachment":[{"href":"https:\/\/www.frelimo.org.mz\/index.php?rest_route=%2Fwp%2Fv2%2Fmedia&parent=3356"}],"wp:term":[{"taxonomy":"category","embeddable":true,"href":"https:\/\/www.frelimo.org.mz\/index.php?rest_route=%2Fwp%2Fv2%2Fcategories&post=3356"},{"taxonomy":"post_tag","embeddable":true,"href":"https:\/\/www.frelimo.org.mz\/index.php?rest_route=%2Fwp%2Fv2%2Ftags&post=3356"}],"curies":[{"name":"wp","href":"https:\/\/api.w.org\/{rel}","templated":true}]}}