{"id":3353,"date":"2021-04-15T07:33:54","date_gmt":"2021-04-15T07:33:54","guid":{"rendered":"https:\/\/www.frelimo.org.mz\/?p=3353"},"modified":"2021-04-15T07:33:54","modified_gmt":"2021-04-15T07:33:54","slug":"mensagem-da-frelimo-pela-passagem-dos-95-aniversario-da-fundacao-do-jornal-noticias","status":"publish","type":"post","link":"https:\/\/www.frelimo.org.mz\/?p=3353","title":{"rendered":"MENSAGEM DA FRELIMO PELA PASSAGEM DOS 95\u00ba ANIVERS\u00c1RIO DA FUNDA\u00c7\u00c3O DO JORNAL NOTICIAS"},"content":{"rendered":"<p>Por ocasi\u00e3o do 95\u00ba anivers\u00e1rio da funda\u00e7\u00e3o do Jornal Not\u00edcias que se celebra amanh\u00e3, dia 15 de Abril, a FRELIMO endere\u00e7a uma especial sauda\u00e7\u00e3o \u00e0 publica\u00e7\u00e3o mais antiga e de maior circula\u00e7\u00e3o do Pa\u00eds.<\/p>\n<p><!--more--><\/p>\n<p>&nbsp;<\/p>\n<p>O trabalho do Jornal Not\u00edcias est\u00e1 intrinsicamente associado \u00e0 Hist\u00f3ria da FRELIMO e da Liberta\u00e7\u00e3o de Mo\u00e7ambique do jugo colonial Portugu\u00eas. Na aurora da luta de liberta\u00e7\u00e3o nacional, este jornal destacou-se atrav\u00e9s de uma profunda luta contra o regime de domina\u00e7\u00e3o colonial vigente, denunciando as atrocidades e crimes hediondos praticados pela PIDE, a temida pol\u00edcia portuguesa de opress\u00e3o.<\/p>\n<p>Hoje, o Jornal Not\u00edcias continua sendo uma refer\u00eancia de maior circula\u00e7\u00e3o ao n\u00edvel do Pa\u00eds e est\u00e1 na linha da frente na difus\u00e3o da informa\u00e7\u00e3o sobre os desafios que o Pa\u00eds atravessa, nomeadamente os ataques da Junta Militar da Renamo, o terrorismo em alguns pontos da Prov\u00edncia de Cabo-Delgado e a Pandemia da Covid-19, que assola o Mundo.<\/p>\n<p>A FRELIMO encoraja \u00e0 esta publica\u00e7\u00e3o, a continuar a exercer com brio, profissionalismo e isen\u00e7\u00e3o o seu trabalho de informar e formar a opini\u00e3o p\u00fablica nacional e internacional sobre o que se passa no Pa\u00eds.<\/p>\n<p>A FRELIMO enaltece o papel do Jornal Not\u00edcias na consolida\u00e7\u00e3o da Paz e Unidade Nacional nesta nossa bela p\u00e1tria.<\/p>\n<p>A FRELIMO enderec\u00e7a votos de bom trabalho, sa\u00fade e felicidades a todos os profissionais de informa\u00e7\u00e3o que se encontram a exercer as suas fun\u00e7\u00f5es no Jornal Not\u00edcias.<\/p>\n<p>&nbsp;<\/p>\n<p style=\"text-align: center;\">&nbsp;<\/p>\n<p>UNIDADE, PAZ E DESENVOLVIMENTO FRELIMO, A FOR\u00c7A DA MUDAN\u00c7A Maputo, 15 de Abril de 2021<\/p>\n","protected":false},"excerpt":{"rendered":"<p>Por ocasi\u00e3o do 95\u00ba anivers\u00e1rio da funda\u00e7\u00e3o do Jornal Not\u00edcias que se celebra amanh\u00e3, dia 15 de Abril, a FRELIMO endere\u00e7a uma especial sauda\u00e7\u00e3o \u00e0 publica\u00e7\u00e3o mais antiga e de maior circula\u00e7\u00e3o do Pa\u00eds. &nbsp; O trabalho do Jornal Not\u00edcias est\u00e1 intrinsicamente associado \u00e0 Hist\u00f3ria da FRELIMO e da Liberta\u00e7\u00e3o de Mo\u00e7ambique do jugo colonial &hellip;<\/p>\n","protected":false},"author":1,"featured_media":0,"comment_status":"open","ping_status":"open","sticky":false,"template":"","format":"standard","meta":{"_jetpack_memberships_contains_paid_content":false,"footnotes":""},"categories":[4],"tags":[],"class_list":["post-3353","post","type-post","status-publish","format-standard","hentry","category-outras"],"jetpack_featured_media_url":"","jetpack_sharing_enabled":true,"_links":{"self":[{"href":"https:\/\/www.frelimo.org.mz\/index.php?rest_route=\/wp\/v2\/posts\/3353","targetHints":{"allow":["GET"]}}],"collection":[{"href":"https:\/\/www.frelimo.org.mz\/index.php?rest_route=\/wp\/v2\/posts"}],"about":[{"href":"https:\/\/www.frelimo.org.mz\/index.php?rest_route=\/wp\/v2\/types\/post"}],"author":[{"embeddable":true,"href":"https:\/\/www.frelimo.org.mz\/index.php?rest_route=\/wp\/v2\/users\/1"}],"replies":[{"embeddable":true,"href":"https:\/\/www.frelimo.org.mz\/index.php?rest_route=%2Fwp%2Fv2%2Fcomments&post=3353"}],"version-history":[{"count":0,"href":"https:\/\/www.frelimo.org.mz\/index.php?rest_route=\/wp\/v2\/posts\/3353\/revisions"}],"wp:attachment":[{"href":"https:\/\/www.frelimo.org.mz\/index.php?rest_route=%2Fwp%2Fv2%2Fmedia&parent=3353"}],"wp:term":[{"taxonomy":"category","embeddable":true,"href":"https:\/\/www.frelimo.org.mz\/index.php?rest_route=%2Fwp%2Fv2%2Fcategories&post=3353"},{"taxonomy":"post_tag","embeddable":true,"href":"https:\/\/www.frelimo.org.mz\/index.php?rest_route=%2Fwp%2Fv2%2Ftags&post=3353"}],"curies":[{"name":"wp","href":"https:\/\/api.w.org\/{rel}","templated":true}]}}