{"id":3328,"date":"2021-02-14T22:00:00","date_gmt":"2021-02-14T22:00:00","guid":{"rendered":"https:\/\/www.frelimo.org.mz\/?p=3328"},"modified":"2021-02-14T22:00:00","modified_gmt":"2021-02-14T22:00:00","slug":"interaccao-telefonica-com-homologo-de-angola","status":"publish","type":"post","link":"https:\/\/www.frelimo.org.mz\/?p=3328","title":{"rendered":"Interac\u00e7\u00e3o telef\u00f3nica com hom\u00f3logo de Angola"},"content":{"rendered":"<p>Este domingo, tive uma interac\u00e7\u00e3o telef\u00f3nica com o meu hom\u00f3logo de Angola, Jo\u00e3o Louren\u00e7o, no quadro das consultas bilaterais.<\/p>\n<div>&nbsp;<br \/>\n<!--more-->\n<\/div>\n<div>Durante a conversa, troc\u00e1mos informa\u00e7\u00f5es sobre a evolu\u00e7\u00e3o da Covid-19 nos dois pa\u00edses, assim como na regi\u00e3o, e o seu impacto nas respectivas economias.<\/div>\n<div>&nbsp;<\/div>\n<div>Na interac\u00e7\u00e3o, agradeci ao Presidente angolano pelo apoio no combate \u00e0 Covid-19, atrav\u00e9s da disponibiliza\u00e7\u00e3o de um tanque de oxig\u00e9nio que parte amanh\u00e3 num cargueiro militar com destino a Mo\u00e7ambique.<\/div>\n<div>&nbsp;<\/div>\n<div>Troc\u00e1mos igualmente informa\u00e7\u00f5es sobre a situa\u00e7\u00e3o de seguran\u00e7a nos dois pa\u00edses, em caso particular no nosso, com enfoque para as ac\u00e7\u00f5es de combate ao terrorismo na prov\u00edncia de Cabo Delgado.<\/div>\n","protected":false},"excerpt":{"rendered":"<p>Este domingo, tive uma interac\u00e7\u00e3o telef\u00f3nica com o meu hom\u00f3logo de Angola, Jo\u00e3o Louren\u00e7o, no quadro das consultas bilaterais. &nbsp; Durante a conversa, troc\u00e1mos informa\u00e7\u00f5es sobre a evolu\u00e7\u00e3o da Covid-19 nos dois pa\u00edses, assim como na regi\u00e3o, e o seu impacto nas respectivas economias. &nbsp; Na interac\u00e7\u00e3o, agradeci ao Presidente angolano pelo apoio no combate &hellip;<\/p>\n","protected":false},"author":1,"featured_media":0,"comment_status":"open","ping_status":"open","sticky":false,"template":"","format":"standard","meta":{"_jetpack_memberships_contains_paid_content":false,"footnotes":""},"categories":[4],"tags":[],"class_list":["post-3328","post","type-post","status-publish","format-standard","hentry","category-outras"],"jetpack_featured_media_url":"","jetpack_sharing_enabled":true,"_links":{"self":[{"href":"https:\/\/www.frelimo.org.mz\/index.php?rest_route=\/wp\/v2\/posts\/3328","targetHints":{"allow":["GET"]}}],"collection":[{"href":"https:\/\/www.frelimo.org.mz\/index.php?rest_route=\/wp\/v2\/posts"}],"about":[{"href":"https:\/\/www.frelimo.org.mz\/index.php?rest_route=\/wp\/v2\/types\/post"}],"author":[{"embeddable":true,"href":"https:\/\/www.frelimo.org.mz\/index.php?rest_route=\/wp\/v2\/users\/1"}],"replies":[{"embeddable":true,"href":"https:\/\/www.frelimo.org.mz\/index.php?rest_route=%2Fwp%2Fv2%2Fcomments&post=3328"}],"version-history":[{"count":0,"href":"https:\/\/www.frelimo.org.mz\/index.php?rest_route=\/wp\/v2\/posts\/3328\/revisions"}],"wp:attachment":[{"href":"https:\/\/www.frelimo.org.mz\/index.php?rest_route=%2Fwp%2Fv2%2Fmedia&parent=3328"}],"wp:term":[{"taxonomy":"category","embeddable":true,"href":"https:\/\/www.frelimo.org.mz\/index.php?rest_route=%2Fwp%2Fv2%2Fcategories&post=3328"},{"taxonomy":"post_tag","embeddable":true,"href":"https:\/\/www.frelimo.org.mz\/index.php?rest_route=%2Fwp%2Fv2%2Ftags&post=3328"}],"curies":[{"name":"wp","href":"https:\/\/api.w.org\/{rel}","templated":true}]}}