{"id":3308,"date":"2021-01-24T22:00:00","date_gmt":"2021-01-24T22:00:00","guid":{"rendered":"https:\/\/www.frelimo.org.mz\/?p=3308"},"modified":"2021-01-24T22:00:00","modified_gmt":"2021-01-24T22:00:00","slug":"raimundo-diomba-escala-distrito-de-mocuba","status":"publish","type":"post","link":"https:\/\/www.frelimo.org.mz\/?p=3308","title":{"rendered":"Raimundo Diomba escala Distrito de Mocuba"},"content":{"rendered":"<p style=\"margin: 0px; color: #5e5e5e; font-family: Lato, arial, sans-serif; font-size: 16px;\">No seguimento do plano de actividades, o Secret\u00e1rio do Comit\u00e9 Central para Verifica\u00e7\u00e3o, Raimundo Maico Diomba, escalou neste Domingo, 24 de Janeiro, a prov\u00edncia da Zamb\u00e9zia, concretamente o Distrito de Mocuba.<\/p>\n<p><!--more--><\/p>\n<p style=\"margin: 0px; color: #5e5e5e; font-family: Lato, arial, sans-serif; font-size: 16px;\">&nbsp;<\/p>\n<p style=\"margin: 0px; color: #5e5e5e; font-family: Lato, arial, sans-serif; font-size: 16px;\">&nbsp;<\/p>\n<p style=\"margin: 0px; color: #5e5e5e; font-family: Lato, arial, sans-serif; font-size: 16px;\">A visita tinha o objectivo de capacitar os membros de Verifica\u00e7\u00e3o ao n\u00edvel do Comit\u00e9 Distrital, alargado aos membros do Comit\u00e9 de Zona.<\/p>\n<p style=\"margin: 0px; color: #5e5e5e; font-family: Lato, arial, sans-serif; font-size: 16px;\">Nesta senda, Raimundo Diomba manteve um encontro com os membros do Comit\u00e9 de C\u00edrculo Eduardo Mondlane, com os membros da C\u00e9lula (Q) e com os deslocados v\u00edtimas de ataques em Cabo Delgado, no Bairro de Macuvine, na Cidade de Mocuba.<\/p>\n<p style=\"margin: 0px; color: #5e5e5e; font-family: Lato, arial, sans-serif; font-size: 16px;\">&nbsp;<\/p>\n<p style=\"margin: 0px; color: #5e5e5e; font-family: Lato, arial, sans-serif; font-size: 16px;\">Nesta visita ao Comit\u00e9 de C\u00edrculo, C\u00e9lula e aos reassentados, &nbsp;o Secret\u00e1rio do Comit\u00e9 Central para Verifica\u00e7\u00e3o encorajou a juventude a n\u00e3o aderir \u00e0s falsas promessas de emprego, mas sim dedicar-se \u00e0 produ\u00e7\u00e3o local e ao empreendedorismo.<\/p>\n<p style=\"margin: 0px; color: #5e5e5e; font-family: Lato, arial, sans-serif; font-size: 16px;\">&nbsp;<\/p>\n<p style=\"margin: 0px; color: #5e5e5e; font-family: Lato, arial, sans-serif; font-size: 16px;\">Para Diomba, \u00e9 importante optar pela produ\u00e7\u00e3o local, tanto na agricultura, como na serralharia e carpintaria, pois esta \u00e9 uma oportunidade de alavancar o com\u00e9rcio local.<\/p>\n<p style=\"margin: 0px; color: #5e5e5e; font-family: Lato, arial, sans-serif; font-size: 16px;\">Para terminar, Raimundo Diomba apelou \u00e0 observ\u00e2ncia das novas medidas restritivas de preven\u00e7\u00e3o do novo coronav\u00edrus, dado o crescente n\u00famero de casos que o pa\u00eds e o mundo observam.<\/p>\n","protected":false},"excerpt":{"rendered":"<p>No seguimento do plano de actividades, o Secret\u00e1rio do Comit\u00e9 Central para Verifica\u00e7\u00e3o, Raimundo Maico Diomba, escalou neste Domingo, 24 de Janeiro, a prov\u00edncia da Zamb\u00e9zia, concretamente o Distrito de Mocuba. &nbsp; &nbsp; A visita tinha o objectivo de capacitar os membros de Verifica\u00e7\u00e3o ao n\u00edvel do Comit\u00e9 Distrital, alargado aos membros do Comit\u00e9 de &hellip;<\/p>\n","protected":false},"author":1,"featured_media":0,"comment_status":"open","ping_status":"open","sticky":false,"template":"","format":"standard","meta":{"_jetpack_memberships_contains_paid_content":false,"footnotes":""},"categories":[4],"tags":[],"class_list":["post-3308","post","type-post","status-publish","format-standard","hentry","category-outras"],"jetpack_featured_media_url":"","jetpack_sharing_enabled":true,"_links":{"self":[{"href":"https:\/\/www.frelimo.org.mz\/index.php?rest_route=\/wp\/v2\/posts\/3308","targetHints":{"allow":["GET"]}}],"collection":[{"href":"https:\/\/www.frelimo.org.mz\/index.php?rest_route=\/wp\/v2\/posts"}],"about":[{"href":"https:\/\/www.frelimo.org.mz\/index.php?rest_route=\/wp\/v2\/types\/post"}],"author":[{"embeddable":true,"href":"https:\/\/www.frelimo.org.mz\/index.php?rest_route=\/wp\/v2\/users\/1"}],"replies":[{"embeddable":true,"href":"https:\/\/www.frelimo.org.mz\/index.php?rest_route=%2Fwp%2Fv2%2Fcomments&post=3308"}],"version-history":[{"count":0,"href":"https:\/\/www.frelimo.org.mz\/index.php?rest_route=\/wp\/v2\/posts\/3308\/revisions"}],"wp:attachment":[{"href":"https:\/\/www.frelimo.org.mz\/index.php?rest_route=%2Fwp%2Fv2%2Fmedia&parent=3308"}],"wp:term":[{"taxonomy":"category","embeddable":true,"href":"https:\/\/www.frelimo.org.mz\/index.php?rest_route=%2Fwp%2Fv2%2Fcategories&post=3308"},{"taxonomy":"post_tag","embeddable":true,"href":"https:\/\/www.frelimo.org.mz\/index.php?rest_route=%2Fwp%2Fv2%2Ftags&post=3308"}],"curies":[{"name":"wp","href":"https:\/\/api.w.org\/{rel}","templated":true}]}}