{"id":3196,"date":"2020-07-28T22:00:00","date_gmt":"2020-07-28T22:00:00","guid":{"rendered":"https:\/\/www.frelimo.org.mz\/?p=3196"},"modified":"2020-07-28T22:00:00","modified_gmt":"2020-07-28T22:00:00","slug":"inicio-na-manha-desta-quarta-feira-uma-visita-a-provincia-de-tete","status":"publish","type":"post","link":"https:\/\/www.frelimo.org.mz\/?p=3196","title":{"rendered":"Inicio na manh\u00e3 desta quarta-feira uma visita \u00e0 prov\u00edncia de Tete"},"content":{"rendered":"<p><span style=\"color: #050505; font-family: 'Segoe UI Historic', 'Segoe UI', Helvetica, Arial, sans-serif; font-size: 15px;\">Compatriotas,<\/span><br style=\"color: #050505; font-family: 'Segoe UI Historic', 'Segoe UI', Helvetica, Arial, sans-serif; font-size: 15px;\" \/><br style=\"color: #050505; font-family: 'Segoe UI Historic', 'Segoe UI', Helvetica, Arial, sans-serif; font-size: 15px;\" \/><span style=\"color: #050505; font-family: 'Segoe UI Historic', 'Segoe UI', Helvetica, Arial, sans-serif; font-size: 15px;\">Inicio na manh\u00e3 desta quarta-feira uma visita \u00e0 prov\u00edncia de Tete, no \u00e2mbito das &#8220;Visitas Presidenciais-Edi\u00e7\u00e3o 2020&#8221;, onde vou escalar os distritos de Chifunde, Cahora Bassa e cidade de Tete.<\/span><\/p>\n<p><!--more--><\/p>\n<p><span style=\"color: #050505; font-family: 'Segoe UI Historic', 'Segoe UI', Helvetica, Arial, sans-serif; font-size: 15px;\"><\/span><span style=\"color: #050505; font-family: 'Segoe UI Historic', 'Segoe UI', Helvetica, Arial, sans-serif; font-size: 15px;\">A porta de entrada desta visita ser\u00e1 o distrito de Chifunde, onde vou inaugurar o Tribunal Judicial do Distrito. De seguida, deslocar-me-ei ao distrito de Cahora Bassa, onde vou inaugurar a Conservat\u00f3ria Distrital dos Registos e Notariados e a Delega\u00e7\u00e3o Distrital do INSS.<\/span><br style=\"color: #050505; font-family: 'Segoe UI Historic', 'Segoe UI', Helvetica, Arial, sans-serif; font-size: 15px;\" \/><br style=\"color: #050505; font-family: 'Segoe UI Historic', 'Segoe UI', Helvetica, Arial, sans-serif; font-size: 15px;\" \/><span style=\"color: #050505; font-family: 'Segoe UI Historic', 'Segoe UI', Helvetica, Arial, sans-serif; font-size: 15px;\">Na cidade de Tete, vou dirigir as sess\u00f5es extraordin\u00e1rias do Conselho Executivo Provincial e do Conselho de Servi\u00e7os de Representa\u00e7\u00e3o do Estado na Prov\u00edncia, bem como a Sess\u00e3o de Balan\u00e7o Conjunto da visita, com o Conselho de Servi\u00e7os de Representa\u00e7\u00e3o do Estado na Prov\u00edncia e o Conselho Executivo Provincial, alargada aos administradores distritais e outros quadros.<\/span><br style=\"color: #050505; font-family: 'Segoe UI Historic', 'Segoe UI', Helvetica, Arial, sans-serif; font-size: 15px;\" \/><br style=\"color: #050505; font-family: 'Segoe UI Historic', 'Segoe UI', Helvetica, Arial, sans-serif; font-size: 15px;\" \/><span style=\"color: #050505; font-family: 'Segoe UI Historic', 'Segoe UI', Helvetica, Arial, sans-serif; font-size: 15px;\">Amanh\u00e3, quinta-feira, na cidade de Tete, vou proceder ao lan\u00e7amento do Programa Sustenta.<\/span><\/p>\n","protected":false},"excerpt":{"rendered":"<p>Compatriotas,Inicio na manh\u00e3 desta quarta-feira uma visita \u00e0 prov\u00edncia de Tete, no \u00e2mbito das &#8220;Visitas Presidenciais-Edi\u00e7\u00e3o 2020&#8221;, onde vou escalar os distritos de Chifunde, Cahora Bassa e cidade de Tete. A porta de entrada desta visita ser\u00e1 o distrito de Chifunde, onde vou inaugurar o Tribunal Judicial do Distrito. De seguida, deslocar-me-ei ao distrito de &hellip;<\/p>\n","protected":false},"author":1,"featured_media":0,"comment_status":"open","ping_status":"open","sticky":false,"template":"","format":"standard","meta":{"_jetpack_memberships_contains_paid_content":false,"footnotes":""},"categories":[4],"tags":[],"class_list":["post-3196","post","type-post","status-publish","format-standard","hentry","category-outras"],"jetpack_featured_media_url":"","jetpack_sharing_enabled":true,"_links":{"self":[{"href":"https:\/\/www.frelimo.org.mz\/index.php?rest_route=\/wp\/v2\/posts\/3196","targetHints":{"allow":["GET"]}}],"collection":[{"href":"https:\/\/www.frelimo.org.mz\/index.php?rest_route=\/wp\/v2\/posts"}],"about":[{"href":"https:\/\/www.frelimo.org.mz\/index.php?rest_route=\/wp\/v2\/types\/post"}],"author":[{"embeddable":true,"href":"https:\/\/www.frelimo.org.mz\/index.php?rest_route=\/wp\/v2\/users\/1"}],"replies":[{"embeddable":true,"href":"https:\/\/www.frelimo.org.mz\/index.php?rest_route=%2Fwp%2Fv2%2Fcomments&post=3196"}],"version-history":[{"count":0,"href":"https:\/\/www.frelimo.org.mz\/index.php?rest_route=\/wp\/v2\/posts\/3196\/revisions"}],"wp:attachment":[{"href":"https:\/\/www.frelimo.org.mz\/index.php?rest_route=%2Fwp%2Fv2%2Fmedia&parent=3196"}],"wp:term":[{"taxonomy":"category","embeddable":true,"href":"https:\/\/www.frelimo.org.mz\/index.php?rest_route=%2Fwp%2Fv2%2Fcategories&post=3196"},{"taxonomy":"post_tag","embeddable":true,"href":"https:\/\/www.frelimo.org.mz\/index.php?rest_route=%2Fwp%2Fv2%2Ftags&post=3196"}],"curies":[{"name":"wp","href":"https:\/\/api.w.org\/{rel}","templated":true}]}}