{"id":3147,"date":"2020-07-07T17:33:32","date_gmt":"2020-07-07T17:33:32","guid":{"rendered":"https:\/\/www.frelimo.org.mz\/?p=3147"},"modified":"2020-07-07T17:33:32","modified_gmt":"2020-07-07T17:33:32","slug":"professores-deverao-ser-os-grandes-protagonistas-da-prevencao-da-covid-19-no-retorno-as-aulas","status":"publish","type":"post","link":"https:\/\/www.frelimo.org.mz\/?p=3147","title":{"rendered":"PROFESSORES DEVER\u00c3O SER OS GRANDES PROTAGONISTAS DA PREVEN\u00c7\u00c3O DA COVID-19 NO RETORNO AS AULAS"},"content":{"rendered":"<p>Sua Excel\u00eancia Governador da Prov\u00edncia de Maputo, recebeu em audi\u00eancia a Organiza\u00e7\u00e3o Nacional dos Professores(ONP), nesta Segunda-Feira, 06 de Julho do corrente ano, no \u00e2mbito da apresenta\u00e7\u00e3o dos \u00d3rg\u00e3os Sociais da Prov\u00edncia.<\/p>\n<p><!--more--><\/p>\n<p>&nbsp;<\/p>\n<p>J\u00falio Parruque saudou os representantes dos professores ao nivel da Prov\u00edncia e prontificou-se em trabalhar com o org\u00e3o para a melhoria das condi\u00e7\u00f5es de trabalho desta classe na Prov\u00edncia de Maputo.<\/p>\n<p>O governante apelou a organiza\u00e7\u00e3o para ser mais robusta, actuante e criativa, na sua ac\u00e7\u00e3o representativa dos interesses do professor, na Prov\u00edncia de Maputo, em particular.<\/p>\n<p>Parruque convidou, aos professores, a responsabilidade mais acrescida, neste per\u00edodo de reinicio das aulas minado pela pandemia do novo coronav\u00edrus.<\/p>\n<p>O Governador reiterou que, o professor \u00e9 parte fundamental na luta contra a covid-19, pois, com o seu papel educador, ira melhor saber dessiminar a mensagem de preven\u00e7\u00e3o contra esta pandemina.<\/p>\n<p>Gabinete de Imprensa do Governador de Maputo<\/p>\n","protected":false},"excerpt":{"rendered":"<p>Sua Excel\u00eancia Governador da Prov\u00edncia de Maputo, recebeu em audi\u00eancia a Organiza\u00e7\u00e3o Nacional dos Professores(ONP), nesta Segunda-Feira, 06 de Julho do corrente ano, no \u00e2mbito da apresenta\u00e7\u00e3o dos \u00d3rg\u00e3os Sociais da Prov\u00edncia. &nbsp; J\u00falio Parruque saudou os representantes dos professores ao nivel da Prov\u00edncia e prontificou-se em trabalhar com o org\u00e3o para a melhoria das &hellip;<\/p>\n","protected":false},"author":1,"featured_media":0,"comment_status":"open","ping_status":"open","sticky":false,"template":"","format":"standard","meta":{"_jetpack_memberships_contains_paid_content":false,"footnotes":""},"categories":[4],"tags":[],"class_list":["post-3147","post","type-post","status-publish","format-standard","hentry","category-outras"],"jetpack_featured_media_url":"","jetpack_sharing_enabled":true,"_links":{"self":[{"href":"https:\/\/www.frelimo.org.mz\/index.php?rest_route=\/wp\/v2\/posts\/3147","targetHints":{"allow":["GET"]}}],"collection":[{"href":"https:\/\/www.frelimo.org.mz\/index.php?rest_route=\/wp\/v2\/posts"}],"about":[{"href":"https:\/\/www.frelimo.org.mz\/index.php?rest_route=\/wp\/v2\/types\/post"}],"author":[{"embeddable":true,"href":"https:\/\/www.frelimo.org.mz\/index.php?rest_route=\/wp\/v2\/users\/1"}],"replies":[{"embeddable":true,"href":"https:\/\/www.frelimo.org.mz\/index.php?rest_route=%2Fwp%2Fv2%2Fcomments&post=3147"}],"version-history":[{"count":0,"href":"https:\/\/www.frelimo.org.mz\/index.php?rest_route=\/wp\/v2\/posts\/3147\/revisions"}],"wp:attachment":[{"href":"https:\/\/www.frelimo.org.mz\/index.php?rest_route=%2Fwp%2Fv2%2Fmedia&parent=3147"}],"wp:term":[{"taxonomy":"category","embeddable":true,"href":"https:\/\/www.frelimo.org.mz\/index.php?rest_route=%2Fwp%2Fv2%2Fcategories&post=3147"},{"taxonomy":"post_tag","embeddable":true,"href":"https:\/\/www.frelimo.org.mz\/index.php?rest_route=%2Fwp%2Fv2%2Ftags&post=3147"}],"curies":[{"name":"wp","href":"https:\/\/api.w.org\/{rel}","templated":true}]}}