{"id":3139,"date":"2020-06-27T22:00:00","date_gmt":"2020-06-27T22:00:00","guid":{"rendered":"https:\/\/www.frelimo.org.mz\/?p=3139"},"modified":"2020-06-27T22:00:00","modified_gmt":"2020-06-27T22:00:00","slug":"chefe-da-brigada-central-faz-avaliacao-positiva-dos-trabalhos-em-resposta-a-covid-19-e-o-nivel-de-comercializacao-agricola","status":"publish","type":"post","link":"https:\/\/www.frelimo.org.mz\/?p=3139","title":{"rendered":"Chefe da Brigada Central faz avalia\u00e7\u00e3o positiva dos trabalhos em resposta a Covid-19 e  o n\u00edvel de comercializa\u00e7\u00e3o agr\u00edcola"},"content":{"rendered":"<p>O Camarada Jaime Bas\u00edlio Monteiro Membro da Comiss\u00e3o Pol\u00edtica e Chefe da Brigada Central, terminou na tarde deste Domingo a visita de trabalho de 4 dias que vinha efectuando na Prov\u00edncia da Zamb\u00e9zia.<\/p>\n<p><!--more--><\/p>\n<p>&nbsp;<\/p>\n<p>Bas\u00edlio Monteiro diz estar satisfeito porque os \u00d3rg\u00e3os do Partido e os Dirigentes do Governo a todos n\u00edveis est\u00e3o engajados na Sensibiliza\u00e7\u00e3o e Preven\u00e7\u00e3o da pandemia do Novo Coronav\u00edrus.<\/p>\n<p>Por outro lado, o Camarada Membro da Comiss\u00e3o Pol\u00edtica, apreciou com satisfa\u00e7\u00e3o o n\u00edvel de comercializa\u00e7\u00e3o agr\u00edcola na presente safra, embora com algumas dificuldades devido a Covid-19.<\/p>\n<p>O Camarada Chefe da Brigada Central, exortou para que a Zamb\u00e9zia continue unida no trabalho e vigil\u00e2ncia sempre a olhar para o bem-estar da popula\u00e7\u00e3o.<\/p>\n<p>Em Quelimane, o Camarada Chefe da Brigada Central, orientou o Balan\u00e7o das actividades realizadas na Prov\u00edncia, alargado aos Membros do Executivo Provincial e Os \u00d3rg\u00e3os de Representa\u00e7\u00e3o do Estado na Prov\u00edncia.<\/p>\n<p>O Camarada Membro da Comiss\u00e3o Pol\u00edtica e Chefe da Brigada Centro Bas\u00edlio Monteiro, procedeu a entrega de 5000 m\u00e1scaras, 50 caixas de sab\u00e3o, 100 litros de detergentes de desifec\u00e7\u00e3o e 50 Baldes com torneira para apoiar a Prov\u00edncia na resposta da Covid-19 e orientou uma confer\u00eancia de imprensa na Sede Provincial da FRELIMO na Zamb\u00e9zia.<\/p>\n<p>Redac\u00e7\u00e3o FRELIMO Zamb\u00e9zia, Quelimane &#8211; 28\/06\/2020<\/p>\n","protected":false},"excerpt":{"rendered":"<p>O Camarada Jaime Bas\u00edlio Monteiro Membro da Comiss\u00e3o Pol\u00edtica e Chefe da Brigada Central, terminou na tarde deste Domingo a visita de trabalho de 4 dias que vinha efectuando na Prov\u00edncia da Zamb\u00e9zia. &nbsp; Bas\u00edlio Monteiro diz estar satisfeito porque os \u00d3rg\u00e3os do Partido e os Dirigentes do Governo a todos n\u00edveis est\u00e3o engajados na &hellip;<\/p>\n","protected":false},"author":1,"featured_media":0,"comment_status":"open","ping_status":"open","sticky":false,"template":"","format":"standard","meta":{"_jetpack_memberships_contains_paid_content":false,"footnotes":""},"categories":[4],"tags":[],"class_list":["post-3139","post","type-post","status-publish","format-standard","hentry","category-outras"],"jetpack_featured_media_url":"","jetpack_sharing_enabled":true,"_links":{"self":[{"href":"https:\/\/www.frelimo.org.mz\/index.php?rest_route=\/wp\/v2\/posts\/3139","targetHints":{"allow":["GET"]}}],"collection":[{"href":"https:\/\/www.frelimo.org.mz\/index.php?rest_route=\/wp\/v2\/posts"}],"about":[{"href":"https:\/\/www.frelimo.org.mz\/index.php?rest_route=\/wp\/v2\/types\/post"}],"author":[{"embeddable":true,"href":"https:\/\/www.frelimo.org.mz\/index.php?rest_route=\/wp\/v2\/users\/1"}],"replies":[{"embeddable":true,"href":"https:\/\/www.frelimo.org.mz\/index.php?rest_route=%2Fwp%2Fv2%2Fcomments&post=3139"}],"version-history":[{"count":0,"href":"https:\/\/www.frelimo.org.mz\/index.php?rest_route=\/wp\/v2\/posts\/3139\/revisions"}],"wp:attachment":[{"href":"https:\/\/www.frelimo.org.mz\/index.php?rest_route=%2Fwp%2Fv2%2Fmedia&parent=3139"}],"wp:term":[{"taxonomy":"category","embeddable":true,"href":"https:\/\/www.frelimo.org.mz\/index.php?rest_route=%2Fwp%2Fv2%2Fcategories&post=3139"},{"taxonomy":"post_tag","embeddable":true,"href":"https:\/\/www.frelimo.org.mz\/index.php?rest_route=%2Fwp%2Fv2%2Ftags&post=3139"}],"curies":[{"name":"wp","href":"https:\/\/api.w.org\/{rel}","templated":true}]}}