{"id":3127,"date":"2020-06-01T07:40:36","date_gmt":"2020-06-01T07:40:36","guid":{"rendered":"https:\/\/www.frelimo.org.mz\/?p=3127"},"modified":"2020-06-01T07:40:36","modified_gmt":"2020-06-01T07:40:36","slug":"queridas-criancas","status":"publish","type":"post","link":"https:\/\/www.frelimo.org.mz\/?p=3127","title":{"rendered":"Queridas crian\u00e7as,"},"content":{"rendered":"<div>Com muito prazer e satisfa\u00e7\u00e3o sa\u00fado \u00e0 todas as crian\u00e7as mo\u00e7ambicanas, do Rovuma ao Maputo e do Zumbo ao \u00cdndico, por ocasi\u00e3o do dia 1 de Junho, Dia<br \/>\n<!--more--><br \/>\nInternacional da Crian\u00e7a, celebrado sob o lema *\u201cProteger a Crian\u00e7a \u00e9 Garantir o futuro de Mo\u00e7ambique!\u201d*<\/div>\n<div>Preocupa-me o facto de este ano, celebrarmos esta data observando v\u00e1rias regras em observ\u00e2ncia as recomenda\u00e7\u00f5es da OMS e entidades do Governo de Mo\u00e7ambique decorrente da eclos\u00e3o da Pandemia da COVID-19, uma doen\u00e7a de f\u00e1cil contamina\u00e7\u00e3o, por um organismo invis\u00edvel, em diferentes momentos do nosso conv\u00edvio social.<\/div>\n<div>A nossa falta de cuidados de preven\u00e7\u00e3o, pode vir a agravar a sa\u00fade dos nossos amiguinhos que j\u00e1 vivem sob o risco de v\u00e1rias doen\u00e7as, tais como as diferentes formas de desnutri\u00e7\u00e3o, em especial, a desnutri\u00e7\u00e3o cr\u00f3nica, para al\u00e9m de novas Epidemias, como P\u00f3lio e Sarampo.<\/div>\n<div>&nbsp;<\/div>\n<div>A vossa protec\u00e7\u00e3o constitui prioridade para o Governo de Mo\u00e7ambique. Estamos conscientes que a crian\u00e7a mo\u00e7ambicana \u00e9 o garante do futuro do nosso pa\u00eds e a continuidade do desenvolvimento que todos almejamos.<\/div>\n<div>Neste sentido, temos vindo a notar avan\u00e7os satisfat\u00f3rios na provis\u00e3o de servi\u00e7os sociais em prol da crian\u00e7a tais como: a sa\u00fade, a educa\u00e7\u00e3o, o registo de nascimento e a protec\u00e7\u00e3o.<\/div>\n<div>&nbsp;<\/div>\n<div>Estamos cientes e notamos com preocupa\u00e7\u00e3o que voc\u00eas, crian\u00e7as mo\u00e7ambicanas, ainda enfrentam os problemas que afectam o vosso crescimento e desenvolvimento harmonioso, como as diferentes formas de viol\u00eancia, as uni\u00f5es e gravidezes precoces, entre outros desafios e comportamentos menos dignificantes por parte de quem, que com a sua autoridade moral e biol\u00f3gica, no lugar de dar conforto, violenta e traumatiza a crian\u00e7a.<\/div>\n<div>&nbsp;<\/div>\n<div>Assim, continuaremos a trabalhar com muito afinco e determina\u00e7\u00e3o de forma que o acesso aos vossos direitos \u00e0 sa\u00fade, educa\u00e7\u00e3o, protec\u00e7\u00e3o, lazer e participa\u00e7\u00e3o, se tornem, de forma progressiva, uma realidade no nosso Pa\u00eds e possam crescer efectivamente num ambiente seguro, saud\u00e1vel e feliz.<\/div>\n<div>&nbsp;<\/div>\n<div>Neste momento em que o Pa\u00eds est\u00e1 sendo assolado pela COVID-19, continuamos a apelar para que as fam\u00edlias priorizem a eleva\u00e7\u00e3o da consci\u00eancia da crian\u00e7a sobre a Pandemia e a sua protec\u00e7\u00e3o, apoiando-a na implementa\u00e7\u00e3o das medidas de preven\u00e7\u00e3o, como lavar regularmente as m\u00e3os com \u00e1gua e sab\u00e3o ou cinza, permanecer em casa e a seguir as aulas \u00e0 dist\u00e2ncia nos v\u00e1rios canais e mecanismos j\u00e1 anunciados pelo Governo.<\/div>\n<div>&nbsp;<\/div>\n<div>&nbsp;<\/div>\n<div>&nbsp;<\/div>\n<div>Queridos meninos,<\/div>\n<div>&nbsp;<\/div>\n<div>Este ano as celebra\u00e7\u00f5es ser\u00e3o diferentes, faremos a nossa festa sem abra\u00e7os, jogos e outras brincadeiras habituais nos nossos conv\u00edvios, acreditamos que os meninos, os pap\u00e1s unidos nas fam\u00edlias em casa, venceremos a COVID-19.<\/div>\n<div>&nbsp;<\/div>\n<div>Para todas as crian\u00e7as, as nossas \u201cFlores que Nunca Murcham\u201d, desejamos um feliz 1 de Junho!<\/div>\n<div>Fique em casa!<\/div>\n","protected":false},"excerpt":{"rendered":"<p>Com muito prazer e satisfa\u00e7\u00e3o sa\u00fado \u00e0 todas as crian\u00e7as mo\u00e7ambicanas, do Rovuma ao Maputo e do Zumbo ao \u00cdndico, por ocasi\u00e3o do dia 1 de Junho, Dia Internacional da Crian\u00e7a, celebrado sob o lema *\u201cProteger a Crian\u00e7a \u00e9 Garantir o futuro de Mo\u00e7ambique!\u201d* Preocupa-me o facto de este ano, celebrarmos esta data observando v\u00e1rias &hellip;<\/p>\n","protected":false},"author":1,"featured_media":0,"comment_status":"open","ping_status":"open","sticky":false,"template":"","format":"standard","meta":{"_jetpack_memberships_contains_paid_content":false,"footnotes":""},"categories":[4],"tags":[],"class_list":["post-3127","post","type-post","status-publish","format-standard","hentry","category-outras"],"jetpack_featured_media_url":"","jetpack_sharing_enabled":true,"_links":{"self":[{"href":"https:\/\/www.frelimo.org.mz\/index.php?rest_route=\/wp\/v2\/posts\/3127","targetHints":{"allow":["GET"]}}],"collection":[{"href":"https:\/\/www.frelimo.org.mz\/index.php?rest_route=\/wp\/v2\/posts"}],"about":[{"href":"https:\/\/www.frelimo.org.mz\/index.php?rest_route=\/wp\/v2\/types\/post"}],"author":[{"embeddable":true,"href":"https:\/\/www.frelimo.org.mz\/index.php?rest_route=\/wp\/v2\/users\/1"}],"replies":[{"embeddable":true,"href":"https:\/\/www.frelimo.org.mz\/index.php?rest_route=%2Fwp%2Fv2%2Fcomments&post=3127"}],"version-history":[{"count":0,"href":"https:\/\/www.frelimo.org.mz\/index.php?rest_route=\/wp\/v2\/posts\/3127\/revisions"}],"wp:attachment":[{"href":"https:\/\/www.frelimo.org.mz\/index.php?rest_route=%2Fwp%2Fv2%2Fmedia&parent=3127"}],"wp:term":[{"taxonomy":"category","embeddable":true,"href":"https:\/\/www.frelimo.org.mz\/index.php?rest_route=%2Fwp%2Fv2%2Fcategories&post=3127"},{"taxonomy":"post_tag","embeddable":true,"href":"https:\/\/www.frelimo.org.mz\/index.php?rest_route=%2Fwp%2Fv2%2Ftags&post=3127"}],"curies":[{"name":"wp","href":"https:\/\/api.w.org\/{rel}","templated":true}]}}