{"id":3078,"date":"2020-02-17T22:00:00","date_gmt":"2020-02-17T22:00:00","guid":{"rendered":"https:\/\/www.frelimo.org.mz\/?p=3078"},"modified":"2020-02-17T22:00:00","modified_gmt":"2020-02-17T22:00:00","slug":"filipe-nyusi-morte-de-mario-machungo","status":"publish","type":"post","link":"https:\/\/www.frelimo.org.mz\/?p=3078","title":{"rendered":"Filipe Nyusi &#8211; Morte de M\u00e1rio Machungo"},"content":{"rendered":"<div>Compatriotas,&nbsp;<\/div>\n<div>&nbsp;<\/div>\n<div>Perdemos ontem, 17 de Fevereiro, o antigo Primeiro-Ministro M\u00e1rio Fernandes da Gra\u00e7a Machungo, v\u00edtima de doen\u00e7a prolongada, no Hospital da Luz, em Lisboa, Rep\u00fablica Portuguesa.<br \/>\n<!--more-->\n<\/div>\n<div>&nbsp;<\/div>\n<div>Machungo fora internado de emerg\u00eancia no Hospital da Luz, em Lisboa, a 2 de Fevereiro de 2020, onde viria a perder a vida esta segunda-feira.<\/div>\n<div>&nbsp;<\/div>\n<div>Hoje, em Sess\u00e3o do Conselho de Ministros decidimos realizar Funeral Oficial a M\u00e1rio Fernandes da Gra\u00e7a Machungo e observar dois dias de luto nacional, a partir das 00.00 horas do dia 23 de Fevereiro at\u00e9 \u00e0 meia-noite do dia 24 de Fevereiro de 2020.<\/div>\n","protected":false},"excerpt":{"rendered":"<p>Compatriotas,&nbsp; &nbsp; Perdemos ontem, 17 de Fevereiro, o antigo Primeiro-Ministro M\u00e1rio Fernandes da Gra\u00e7a Machungo, v\u00edtima de doen\u00e7a prolongada, no Hospital da Luz, em Lisboa, Rep\u00fablica Portuguesa. &nbsp; Machungo fora internado de emerg\u00eancia no Hospital da Luz, em Lisboa, a 2 de Fevereiro de 2020, onde viria a perder a vida esta segunda-feira. &nbsp; Hoje, &hellip;<\/p>\n","protected":false},"author":1,"featured_media":0,"comment_status":"open","ping_status":"open","sticky":false,"template":"","format":"standard","meta":{"_jetpack_memberships_contains_paid_content":false,"footnotes":""},"categories":[4],"tags":[],"class_list":["post-3078","post","type-post","status-publish","format-standard","hentry","category-outras"],"jetpack_featured_media_url":"","jetpack_sharing_enabled":true,"_links":{"self":[{"href":"https:\/\/www.frelimo.org.mz\/index.php?rest_route=\/wp\/v2\/posts\/3078","targetHints":{"allow":["GET"]}}],"collection":[{"href":"https:\/\/www.frelimo.org.mz\/index.php?rest_route=\/wp\/v2\/posts"}],"about":[{"href":"https:\/\/www.frelimo.org.mz\/index.php?rest_route=\/wp\/v2\/types\/post"}],"author":[{"embeddable":true,"href":"https:\/\/www.frelimo.org.mz\/index.php?rest_route=\/wp\/v2\/users\/1"}],"replies":[{"embeddable":true,"href":"https:\/\/www.frelimo.org.mz\/index.php?rest_route=%2Fwp%2Fv2%2Fcomments&post=3078"}],"version-history":[{"count":0,"href":"https:\/\/www.frelimo.org.mz\/index.php?rest_route=\/wp\/v2\/posts\/3078\/revisions"}],"wp:attachment":[{"href":"https:\/\/www.frelimo.org.mz\/index.php?rest_route=%2Fwp%2Fv2%2Fmedia&parent=3078"}],"wp:term":[{"taxonomy":"category","embeddable":true,"href":"https:\/\/www.frelimo.org.mz\/index.php?rest_route=%2Fwp%2Fv2%2Fcategories&post=3078"},{"taxonomy":"post_tag","embeddable":true,"href":"https:\/\/www.frelimo.org.mz\/index.php?rest_route=%2Fwp%2Fv2%2Ftags&post=3078"}],"curies":[{"name":"wp","href":"https:\/\/api.w.org\/{rel}","templated":true}]}}