{"id":3058,"date":"2019-12-24T07:16:17","date_gmt":"2019-12-24T07:16:17","guid":{"rendered":"https:\/\/www.frelimo.org.mz\/?p=3058"},"modified":"2019-12-24T07:16:17","modified_gmt":"2019-12-24T07:16:17","slug":"obrigado-a-todos-pelas-felicitacoes","status":"publish","type":"post","link":"https:\/\/www.frelimo.org.mz\/?p=3058","title":{"rendered":"Obrigado a todos pelas felicita\u00e7\u00f5es!"},"content":{"rendered":"<p>Continuo a receber felicita\u00e7\u00f5es de v\u00e1rios quadrantes do mundo pela minha vit\u00f3ria e da FRELIMO nas elei\u00e7\u00f5es gerais de 15 de Outubro de 2019.<\/p>\n<p>Esta vit\u00f3ria \u00e9 da cada um de n\u00f3s. Quero, a partir desta plataforma, agradecer o empenho de todos e de cada um. Que continuemos unidos para alcan\u00e7armos os prop\u00f3sitos que serviram para conquistarmos a confian\u00e7a do povo mo\u00e7ambicano.<\/p>\n<p>O trabalho, como definimos na campanha eleitoral, vai ser nosso farol para o desenvolvimento de Mo\u00e7ambique.<\/p>\n<p>Filipe Jacinto Nyusi PR<\/p>\n","protected":false},"excerpt":{"rendered":"<p>Continuo a receber felicita\u00e7\u00f5es de v\u00e1rios quadrantes do mundo pela minha vit\u00f3ria e da FRELIMO nas elei\u00e7\u00f5es gerais de 15 de Outubro de 2019. Esta vit\u00f3ria \u00e9 da cada um de n\u00f3s. Quero, a partir desta plataforma, agradecer o empenho de todos e de cada um. Que continuemos unidos para alcan\u00e7armos os prop\u00f3sitos que serviram &hellip;<\/p>\n","protected":false},"author":1,"featured_media":0,"comment_status":"open","ping_status":"open","sticky":false,"template":"","format":"standard","meta":{"_jetpack_memberships_contains_paid_content":false,"footnotes":""},"categories":[4],"tags":[],"class_list":["post-3058","post","type-post","status-publish","format-standard","hentry","category-outras"],"jetpack_featured_media_url":"","jetpack_sharing_enabled":true,"_links":{"self":[{"href":"https:\/\/www.frelimo.org.mz\/index.php?rest_route=\/wp\/v2\/posts\/3058","targetHints":{"allow":["GET"]}}],"collection":[{"href":"https:\/\/www.frelimo.org.mz\/index.php?rest_route=\/wp\/v2\/posts"}],"about":[{"href":"https:\/\/www.frelimo.org.mz\/index.php?rest_route=\/wp\/v2\/types\/post"}],"author":[{"embeddable":true,"href":"https:\/\/www.frelimo.org.mz\/index.php?rest_route=\/wp\/v2\/users\/1"}],"replies":[{"embeddable":true,"href":"https:\/\/www.frelimo.org.mz\/index.php?rest_route=%2Fwp%2Fv2%2Fcomments&post=3058"}],"version-history":[{"count":0,"href":"https:\/\/www.frelimo.org.mz\/index.php?rest_route=\/wp\/v2\/posts\/3058\/revisions"}],"wp:attachment":[{"href":"https:\/\/www.frelimo.org.mz\/index.php?rest_route=%2Fwp%2Fv2%2Fmedia&parent=3058"}],"wp:term":[{"taxonomy":"category","embeddable":true,"href":"https:\/\/www.frelimo.org.mz\/index.php?rest_route=%2Fwp%2Fv2%2Fcategories&post=3058"},{"taxonomy":"post_tag","embeddable":true,"href":"https:\/\/www.frelimo.org.mz\/index.php?rest_route=%2Fwp%2Fv2%2Ftags&post=3058"}],"curies":[{"name":"wp","href":"https:\/\/api.w.org\/{rel}","templated":true}]}}