{"id":3042,"date":"2019-10-15T06:36:44","date_gmt":"2019-10-15T06:36:44","guid":{"rendered":"https:\/\/www.frelimo.org.mz\/?p=3042"},"modified":"2019-10-15T06:36:44","modified_gmt":"2019-10-15T06:36:44","slug":"e-hoje-e-agora-que-vamos-confirmar-o-voto-certo-que-dita-a-reconducao-da-frelimo-e-presidente-filipe-nyusi","status":"publish","type":"post","link":"https:\/\/www.frelimo.org.mz\/?p=3042","title":{"rendered":"\u00a0\u00c9 hoje e agora que vamos confirmar o voto certo que dita a recondu\u00e7\u00e3o da Frelimo e Presidente Filipe Nyusi"},"content":{"rendered":"<div>Conseguimos chegar at\u00e9 o dia 15 de Ourubro. \u00c9 hoje e agora que vamos confirmar o *voto certo* que dita a recondu\u00e7\u00e3o da *Frelimo e Presidente Filipe Nyusi* para<br \/>\n<!--more--><br \/>\no comando dos destinos do nosso pa\u00eds. Os destinos j\u00e1 s\u00e3o largamente conhecidos pelos camaradas, a *Paz, Esperan\u00e7a, Reconcilia\u00e7\u00e3o, Unidade Nacional e Desenvolvimento*.<\/div>\n<div>&nbsp;<\/div>\n<div>Conseguimos percorrer com coragem, sacrif\u00edcio e paci\u00eancia mais de 45 dias com a Frelimo e Nyusi no peito e na alma, mas hoje, \u00e9 o verdadeiro dia da prova de tudo oque fizemos nos 45 dias.<\/div>\n<div>&nbsp;<\/div>\n<div>Como temos dito, n\u00e3o h\u00e1 vit\u00f3rias fora das urnas. Por isso camaradas, convidemos os nossos familiares, amigos, amigos dos nossos amigos, vizinhos e outros tantos para irem votar, votar na *Frelimo e Filipe Nyusi*, os primeiros da lista.<\/div>\n<div>&nbsp;<\/div>\n<div>Vamos justificar o suor transpirado durante os dias de campanha e honrar o trabalho exemplar do nosso candidato *Filipe Nyusi*, escolhendo *um futuro certo para Mo\u00e7ambique*.<\/div>\n<div>&nbsp;<\/div>\n<div>Camaradas, como aconteceu durante a campanha, haver\u00e1 momentos de press\u00e3o, atrav\u00e9s de surgimento de opini\u00f5es subversivas, que v\u00e3o tentar a todo o custo, marginalizar as nossas conquistas, ofender e atacar os nossos dirigentes. Temos que prestar aten\u00e7\u00e3o a isso, manter a calma e foco no voto, o nosso voto e daqueles que&nbsp; influenciamos.<\/div>\n<div>&nbsp;<\/div>\n<div>N\u00e3o nos deixemos distrair por falsas not\u00edcias sobre acontecimentos ou n\u00fameros ou qualquer outra coisa n\u00e3o oficial,&nbsp; com objectivo de perturbar o nosso foco, que \u00e9 ven\u00e7er as elei\u00e7\u00f5es em todo o pa\u00eds.<\/div>\n<div>&nbsp;<\/div>\n<div>Mais uma vez, apelamos a Unidade e Coes\u00e3o em prol do nosso Presidente, Filipe Jacinto Nyusi e nosso Partido FRELIMO.<\/div>\n<div>&nbsp;<\/div>\n<div>Vamos todos votar com responsabilidade, votar na *Frelimo e Filipe Nyusi*<\/div>\n<div>&nbsp;<\/div>\n<div>*Unidade Paz desenvolvimento*<\/div>\n<div>*FRELIMO A FOR\u00c7A DA MUDAN\u00c7A*<\/div>\n<div>&nbsp;<\/div>\n<div>*Caifadine Manasse*<\/div>\n<div>Secretario do comite central Para comunicacao e imagem e Porta voz da *Frelimo*<\/div>\n","protected":false},"excerpt":{"rendered":"<p>Conseguimos chegar at\u00e9 o dia 15 de Ourubro. \u00c9 hoje e agora que vamos confirmar o *voto certo* que dita a recondu\u00e7\u00e3o da *Frelimo e Presidente Filipe Nyusi* para o comando dos destinos do nosso pa\u00eds. Os destinos j\u00e1 s\u00e3o largamente conhecidos pelos camaradas, a *Paz, Esperan\u00e7a, Reconcilia\u00e7\u00e3o, Unidade Nacional e Desenvolvimento*. &nbsp; Conseguimos percorrer &hellip;<\/p>\n","protected":false},"author":1,"featured_media":0,"comment_status":"open","ping_status":"open","sticky":false,"template":"","format":"standard","meta":{"_jetpack_memberships_contains_paid_content":false,"footnotes":""},"categories":[4],"tags":[],"class_list":["post-3042","post","type-post","status-publish","format-standard","hentry","category-outras"],"jetpack_featured_media_url":"","jetpack_sharing_enabled":true,"_links":{"self":[{"href":"https:\/\/www.frelimo.org.mz\/index.php?rest_route=\/wp\/v2\/posts\/3042","targetHints":{"allow":["GET"]}}],"collection":[{"href":"https:\/\/www.frelimo.org.mz\/index.php?rest_route=\/wp\/v2\/posts"}],"about":[{"href":"https:\/\/www.frelimo.org.mz\/index.php?rest_route=\/wp\/v2\/types\/post"}],"author":[{"embeddable":true,"href":"https:\/\/www.frelimo.org.mz\/index.php?rest_route=\/wp\/v2\/users\/1"}],"replies":[{"embeddable":true,"href":"https:\/\/www.frelimo.org.mz\/index.php?rest_route=%2Fwp%2Fv2%2Fcomments&post=3042"}],"version-history":[{"count":0,"href":"https:\/\/www.frelimo.org.mz\/index.php?rest_route=\/wp\/v2\/posts\/3042\/revisions"}],"wp:attachment":[{"href":"https:\/\/www.frelimo.org.mz\/index.php?rest_route=%2Fwp%2Fv2%2Fmedia&parent=3042"}],"wp:term":[{"taxonomy":"category","embeddable":true,"href":"https:\/\/www.frelimo.org.mz\/index.php?rest_route=%2Fwp%2Fv2%2Fcategories&post=3042"},{"taxonomy":"post_tag","embeddable":true,"href":"https:\/\/www.frelimo.org.mz\/index.php?rest_route=%2Fwp%2Fv2%2Ftags&post=3042"}],"curies":[{"name":"wp","href":"https:\/\/api.w.org\/{rel}","templated":true}]}}