{"id":2931,"date":"2019-09-04T22:00:00","date_gmt":"2019-09-04T22:00:00","guid":{"rendered":"https:\/\/www.frelimo.org.mz\/?p=2931"},"modified":"2019-09-04T22:00:00","modified_gmt":"2019-09-04T22:00:00","slug":"lourenco-bulha-promete-reabilitar-o-mercado-de-vila-massane-caso-a-frelimo-venca-as-eleicoes","status":"publish","type":"post","link":"https:\/\/www.frelimo.org.mz\/?p=2931","title":{"rendered":"Louren\u00e7o Bulha promete reabilitar o mercado de vila massane caso a FRELIMO ven\u00e7a as elei\u00e7\u00f5es"},"content":{"rendered":"<p>O cabeca de lista da FRELIMO para Governador de Sofala, Louren\u00e7o Bulha, escalou esta quinta feira o Mercado de vila Massane no bairro de inhamizua zona da passagem de nivel cidade da beira, para pedir voto a popula\u00e7\u00e3o daquela Zona.<\/p>\n<p><!--more--><\/p>\n<p>&nbsp;<\/p>\n<p>Durante um contacto que manteve com alguns vendedores daquele mercado, aqueles pediram ao Bulha, para reabilitar o mercado dado ao estado avan\u00e7ado da degrada\u00e7\u00e3o da mesma.<\/p>\n<p>Em resposta a inquieta\u00e7\u00e3o, Bulha prometeu reabilitar o mercado caso ven\u00e7a as elei\u00e7\u00f5es, e prometeu igualmente o melhoramento das vias de acesso, expans\u00e3o da energia da rede nacional e provis\u00e3o da agua pot\u00e1vel.<\/p>\n<p>Para alem das promessas, Louren\u00e7o Bulha, aproveitou a ocasi\u00e3o para fazer compras.<\/p>\n","protected":false},"excerpt":{"rendered":"<p>O cabeca de lista da FRELIMO para Governador de Sofala, Louren\u00e7o Bulha, escalou esta quinta feira o Mercado de vila Massane no bairro de inhamizua zona da passagem de nivel cidade da beira, para pedir voto a popula\u00e7\u00e3o daquela Zona. &nbsp; Durante um contacto que manteve com alguns vendedores daquele mercado, aqueles pediram ao Bulha, &hellip;<\/p>\n","protected":false},"author":1,"featured_media":0,"comment_status":"open","ping_status":"open","sticky":false,"template":"","format":"standard","meta":{"_jetpack_memberships_contains_paid_content":false,"footnotes":""},"categories":[4],"tags":[],"class_list":["post-2931","post","type-post","status-publish","format-standard","hentry","category-outras"],"jetpack_featured_media_url":"","jetpack_sharing_enabled":true,"_links":{"self":[{"href":"https:\/\/www.frelimo.org.mz\/index.php?rest_route=\/wp\/v2\/posts\/2931","targetHints":{"allow":["GET"]}}],"collection":[{"href":"https:\/\/www.frelimo.org.mz\/index.php?rest_route=\/wp\/v2\/posts"}],"about":[{"href":"https:\/\/www.frelimo.org.mz\/index.php?rest_route=\/wp\/v2\/types\/post"}],"author":[{"embeddable":true,"href":"https:\/\/www.frelimo.org.mz\/index.php?rest_route=\/wp\/v2\/users\/1"}],"replies":[{"embeddable":true,"href":"https:\/\/www.frelimo.org.mz\/index.php?rest_route=%2Fwp%2Fv2%2Fcomments&post=2931"}],"version-history":[{"count":0,"href":"https:\/\/www.frelimo.org.mz\/index.php?rest_route=\/wp\/v2\/posts\/2931\/revisions"}],"wp:attachment":[{"href":"https:\/\/www.frelimo.org.mz\/index.php?rest_route=%2Fwp%2Fv2%2Fmedia&parent=2931"}],"wp:term":[{"taxonomy":"category","embeddable":true,"href":"https:\/\/www.frelimo.org.mz\/index.php?rest_route=%2Fwp%2Fv2%2Fcategories&post=2931"},{"taxonomy":"post_tag","embeddable":true,"href":"https:\/\/www.frelimo.org.mz\/index.php?rest_route=%2Fwp%2Fv2%2Ftags&post=2931"}],"curies":[{"name":"wp","href":"https:\/\/api.w.org\/{rel}","templated":true}]}}