{"id":2892,"date":"2019-08-05T11:36:46","date_gmt":"2019-08-05T11:36:46","guid":{"rendered":"https:\/\/www.frelimo.org.mz\/?p=2892"},"modified":"2019-08-05T11:36:46","modified_gmt":"2019-08-05T11:36:46","slug":"ja-arrancou-construcao-da-fabrica-de-liquefacao-de-gas-da-anadarko","status":"publish","type":"post","link":"https:\/\/www.frelimo.org.mz\/?p=2892","title":{"rendered":"J\u00e1 arrancou constru\u00e7\u00e3o da f\u00e1brica de liquefa\u00e7\u00e3o de g\u00e1s da Anadarko"},"content":{"rendered":"<div>O Presidente da Rep\u00fablica *Filipe Jacinto Nyusi* acaba de lan\u00e7ar a primeira pedra do projecto de constru\u00e7\u00e3o da F\u00e1brica de G\u00e1s Natural Liquefeito na pen\u00ednsula de Afungi, distrito de Palma, prov\u00edncia de Cabo Delgado.<br \/>\n<!--more-->\n<\/div>\n<div>&nbsp;<\/div>\n<div>A f\u00e1brica, a ser instalada em terra, pertence \u00e0 petrol\u00edfera norte-americana Anadarko que vai investir no projecto cerca de 23 bili\u00f5es de d\u00f3lares.<\/div>\n<div>&nbsp;<\/div>\n<div>O plano de desenvolvimento do chamado campo Golfinho Atum, localizado na \u00e1rea 1 da Bacia do Rovuma, foi aprovado em 2018 e a Decis\u00e3o Final de Investimento foi tomada no dia 18 de Junho do presente ano.<\/div>\n<div>&nbsp;<\/div>\n<div>A f\u00e1brica ter\u00e1 capacidade de produzir cerca de 12 milh\u00f5es de toneladas de g\u00e1s natural por ano.<\/div>\n<div>&nbsp;<\/div>\n<div>*Segundo o Governo, o projecto vai disponibilizar cerca de 400 milh\u00f5es de p\u00e9s c\u00fabicos de g\u00e1s natural por dia ao mercado dom\u00e9stico.*<\/div>\n<div>&nbsp;<\/div>\n<div>O principal objectivo \u00e9 alavancar a ind\u00fastria nacional.<\/div>\n<div>&nbsp;<\/div>\n<div>O projecto vai consistir na extrac\u00e7\u00e3o, liquefa\u00e7\u00e3o e comercializa\u00e7\u00e3o do g\u00e1s na Bacia do Rovuma, em Cabo Delgado, regi\u00e3o norte do pa\u00eds.<\/div>\n","protected":false},"excerpt":{"rendered":"<p>O Presidente da Rep\u00fablica *Filipe Jacinto Nyusi* acaba de lan\u00e7ar a primeira pedra do projecto de constru\u00e7\u00e3o da F\u00e1brica de G\u00e1s Natural Liquefeito na pen\u00ednsula de Afungi, distrito de Palma, prov\u00edncia de Cabo Delgado. &nbsp; A f\u00e1brica, a ser instalada em terra, pertence \u00e0 petrol\u00edfera norte-americana Anadarko que vai investir no projecto cerca de 23 &hellip;<\/p>\n","protected":false},"author":1,"featured_media":0,"comment_status":"open","ping_status":"open","sticky":false,"template":"","format":"standard","meta":{"_jetpack_memberships_contains_paid_content":false,"footnotes":""},"categories":[4],"tags":[],"class_list":["post-2892","post","type-post","status-publish","format-standard","hentry","category-outras"],"jetpack_featured_media_url":"","jetpack_sharing_enabled":true,"_links":{"self":[{"href":"https:\/\/www.frelimo.org.mz\/index.php?rest_route=\/wp\/v2\/posts\/2892","targetHints":{"allow":["GET"]}}],"collection":[{"href":"https:\/\/www.frelimo.org.mz\/index.php?rest_route=\/wp\/v2\/posts"}],"about":[{"href":"https:\/\/www.frelimo.org.mz\/index.php?rest_route=\/wp\/v2\/types\/post"}],"author":[{"embeddable":true,"href":"https:\/\/www.frelimo.org.mz\/index.php?rest_route=\/wp\/v2\/users\/1"}],"replies":[{"embeddable":true,"href":"https:\/\/www.frelimo.org.mz\/index.php?rest_route=%2Fwp%2Fv2%2Fcomments&post=2892"}],"version-history":[{"count":0,"href":"https:\/\/www.frelimo.org.mz\/index.php?rest_route=\/wp\/v2\/posts\/2892\/revisions"}],"wp:attachment":[{"href":"https:\/\/www.frelimo.org.mz\/index.php?rest_route=%2Fwp%2Fv2%2Fmedia&parent=2892"}],"wp:term":[{"taxonomy":"category","embeddable":true,"href":"https:\/\/www.frelimo.org.mz\/index.php?rest_route=%2Fwp%2Fv2%2Fcategories&post=2892"},{"taxonomy":"post_tag","embeddable":true,"href":"https:\/\/www.frelimo.org.mz\/index.php?rest_route=%2Fwp%2Fv2%2Ftags&post=2892"}],"curies":[{"name":"wp","href":"https:\/\/api.w.org\/{rel}","templated":true}]}}