{"id":2872,"date":"2019-07-09T22:00:00","date_gmt":"2019-07-09T22:00:00","guid":{"rendered":"https:\/\/www.frelimo.org.mz\/?p=2872"},"modified":"2019-07-09T22:00:00","modified_gmt":"2019-07-09T22:00:00","slug":"presidente-da-republica-visita-zambezia-3","status":"publish","type":"post","link":"https:\/\/www.frelimo.org.mz\/?p=2872","title":{"rendered":"Presidente da Rep\u00fablica visita Zamb\u00e9zia"},"content":{"rendered":"<div>O Presidente da Rep\u00fablica, *Filipe Nyusi*, inicia esta segunda-feira uma visita de trabalho de dois dias \u00e0 prov\u00edncia da Zamb\u00e9zia.<\/div>\n<div>&nbsp;<\/div>\n<div>Um comunicado da Presid\u00eancia recebido na nossa redac\u00e7\u00e3o indica que naquela<br \/>\n<!--more--><br \/>\nprov\u00edncia, o Chefe do Estado mo\u00e7ambicano vai escalar sucessivamente os distritos de Ile, Gil\u00e9, Pebane e Mocuba, onde tem agendado encontros com os Governos locais, com\u00edcios populares, visitas a empreendimentos de interesse econ\u00f3mico e social, bem como interagir com diferentes segmentos da sociedade.<\/div>\n<div>&nbsp;<\/div>\n<div>Nesta desloca\u00e7\u00e3o, o Presidente *Filipe Nyusi* far-se-\u00e1 acompanhar pelos ministros do Interior, Jaime Bas\u00edlio Monteiro; da Agricultura e Seguran\u00e7a Alimentar, Higino de Marrule; vice-ministros da Administra\u00e7\u00e3o Estatal e Fun\u00e7\u00e3o P\u00fablica, Albano Macie; do Trabalho, Emprego e Seguran\u00e7a Social, Oswaldo Petersburgo; do Mar, \u00c1guas Interiores e Pescas, Henriques Bongece; governador da prov\u00edncia de Inhambane, Daniel Chapo; quadros da Presid\u00eancia da Rep\u00fablica e de outras institui\u00e7\u00f5es do Estado.<\/div>\n","protected":false},"excerpt":{"rendered":"<p>O Presidente da Rep\u00fablica, *Filipe Nyusi*, inicia esta segunda-feira uma visita de trabalho de dois dias \u00e0 prov\u00edncia da Zamb\u00e9zia. &nbsp; Um comunicado da Presid\u00eancia recebido na nossa redac\u00e7\u00e3o indica que naquela prov\u00edncia, o Chefe do Estado mo\u00e7ambicano vai escalar sucessivamente os distritos de Ile, Gil\u00e9, Pebane e Mocuba, onde tem agendado encontros com os &hellip;<\/p>\n","protected":false},"author":1,"featured_media":0,"comment_status":"open","ping_status":"open","sticky":false,"template":"","format":"standard","meta":{"_jetpack_memberships_contains_paid_content":false,"footnotes":""},"categories":[4],"tags":[],"class_list":["post-2872","post","type-post","status-publish","format-standard","hentry","category-outras"],"jetpack_featured_media_url":"","jetpack_sharing_enabled":true,"_links":{"self":[{"href":"https:\/\/www.frelimo.org.mz\/index.php?rest_route=\/wp\/v2\/posts\/2872","targetHints":{"allow":["GET"]}}],"collection":[{"href":"https:\/\/www.frelimo.org.mz\/index.php?rest_route=\/wp\/v2\/posts"}],"about":[{"href":"https:\/\/www.frelimo.org.mz\/index.php?rest_route=\/wp\/v2\/types\/post"}],"author":[{"embeddable":true,"href":"https:\/\/www.frelimo.org.mz\/index.php?rest_route=\/wp\/v2\/users\/1"}],"replies":[{"embeddable":true,"href":"https:\/\/www.frelimo.org.mz\/index.php?rest_route=%2Fwp%2Fv2%2Fcomments&post=2872"}],"version-history":[{"count":0,"href":"https:\/\/www.frelimo.org.mz\/index.php?rest_route=\/wp\/v2\/posts\/2872\/revisions"}],"wp:attachment":[{"href":"https:\/\/www.frelimo.org.mz\/index.php?rest_route=%2Fwp%2Fv2%2Fmedia&parent=2872"}],"wp:term":[{"taxonomy":"category","embeddable":true,"href":"https:\/\/www.frelimo.org.mz\/index.php?rest_route=%2Fwp%2Fv2%2Fcategories&post=2872"},{"taxonomy":"post_tag","embeddable":true,"href":"https:\/\/www.frelimo.org.mz\/index.php?rest_route=%2Fwp%2Fv2%2Ftags&post=2872"}],"curies":[{"name":"wp","href":"https:\/\/api.w.org\/{rel}","templated":true}]}}