{"id":2861,"date":"2019-06-23T22:00:00","date_gmt":"2019-06-23T22:00:00","guid":{"rendered":"https:\/\/www.frelimo.org.mz\/?p=2861"},"modified":"2019-06-23T22:00:00","modified_gmt":"2019-06-23T22:00:00","slug":"mocambicanos-ja-podem-fazer-transplante-de-orgaos-no-egipto","status":"publish","type":"post","link":"https:\/\/www.frelimo.org.mz\/?p=2861","title":{"rendered":"Mo\u00e7ambicanos j\u00e1 podem fazer transplante de \u00f3rg\u00e3os no Egipto"},"content":{"rendered":"<div>O Presidente da Rep\u00fablica *Filipe Jacinto Nyusi* terminou hoje uma visita oficial de tr\u00eas dias ao Egipto a convite do seu hom\u00f3logo Abdel Fatah El-Sisi.<\/div>\n<div>&nbsp;<\/div>\n<div>Os dois Chefes de Estado reuniram-se na manh\u00e3 de S\u00e1bado por mais de uma hora<br \/>\n<!--more--><br \/>\ne meia a s\u00f3s e depois com as respectivas delega\u00e7\u00f5es. No final os dois Governos rubricaram tr\u00eas acordos de coopera\u00e7\u00e3o nas \u00e1reas de agricultura, consultas pol\u00edticas e isen\u00e7\u00e3o de vistos para passaportes diplom\u00e1ticos, de servi\u00e7o e especiais.<\/div>\n<div>&nbsp;<\/div>\n<div>Houve ainda conversa\u00e7\u00f5es a n\u00edvel ministerial nas \u00e1reas de Sa\u00fade, Cultura e Turismo. Na Sa\u00fade o acordo de coopera\u00e7\u00e3o dever\u00e1 ser assinado posteriormente mas j\u00e1 decidiu-se por avan\u00e7ar no envio de doentes mo\u00e7ambicanos que precisam de realizar transplante de \u00f3rg\u00e3os humanos, enquanto n\u00e3o for aprovada a lei sobre a mat\u00e9ria j\u00e1 depositada na Assembleia da Rep\u00fablica e em fase de ausculta\u00e7\u00e3o p\u00fablica. Mo\u00e7ambique dever\u00e1 ainda enviar crian\u00e7as que tenham determinados tipos de cancro para tratamento no Egipto, mas tamb\u00e9m de adultos, segundo assegurou a Ministra da Sa\u00fade, *Nazira Abdula*.<\/div>\n<div>&nbsp;<\/div>\n<div>Ap\u00f3s os encontros realizados no pal\u00e1cio presidencial do Egipto os dois Chefes de Estado falaram \u00e0 imprensa tendo destacado a discuss\u00e3o sobre assuntos relacionados com a Defesa e Seguran\u00e7a.<\/div>\n<div>&nbsp;<\/div>\n<div>O Presidente da Rep\u00fablica diz ter explicado ao seu hom\u00f3logo sobre a situa\u00e7\u00e3o dos ataques em Cabo Delgado perpetrados por insurgentes at\u00e9 aqui sem rosto.<\/div>\n<div>&nbsp;<\/div>\n<div>E por seu lado, Abdel Fatah El-Sisi disse que o seu pa\u00eds est\u00e1 dispon\u00edvel para ajudar Mo\u00e7ambique a combater qualquer tipo de viol\u00eancia, at\u00e9 porque o Egipto tem larga experi\u00eancia em prevenir e combater ataques terroristas protagonizados por movimentos extremistas, dai que quer trocar informa\u00e7\u00f5es constantes com Mo\u00e7ambique nesse dom\u00ednio, para se evitar o desenvolvimento de grupos radicais.<\/div>\n<div>&nbsp;<\/div>\n<div>*Felipe NYUSI* disse j\u00e1 na confer\u00eancia de imprensa de balan\u00e7o da visita que os dois pa\u00edses t\u00eam j\u00e1 h\u00e1 v\u00e1rios anos acordo de coopera\u00e7\u00e3o no dom\u00ednio de Defesa e Seguran\u00e7a atrav\u00e9s de forma\u00e7\u00e3o de instrutores na Academia de Ci\u00eancias Policiais e que agora o esfor\u00e7o \u00e9 reactivar esse acordo e uma vez que tal acontece numa altura que o pa\u00eds enfrenta ataques de insurgentes em Cabo Delgado, deu-se t\u00f3nica a esse assunto, mas que o objectivo \u00e9 mesmo no \u00e2mbito geral das mat\u00e9rias relacionadas com a Defesa e Seguran\u00e7a e n\u00e3o apenas terrorismo em particular.<\/div>\n<div>&nbsp;<\/div>\n<div>O Chefe de Estado mo\u00e7ambicano disse que h\u00e1 10 anos que as rela\u00e7\u00f5es diplom\u00e1ticas e de coopera\u00e7\u00e3o com aquele pa\u00eds estavam praticamente hibernadas e o objectivo dos dois pa\u00edses \u00e9 catapult\u00e1-las, por isso, no pr\u00f3ximo ano vai se realizar a reuni\u00e3o da Comiss\u00e3o Mista que ter\u00e1 como objectivo avaliar o grau de implementa\u00e7\u00e3o das decis\u00f5es tomadas na \u201ccimeira\u201d de Cairo e explorar novas \u00e1reas de coopera\u00e7\u00e3o entre os dois Estados.<\/div>\n<div>&nbsp;<\/div>\n<div>Nyusi lembrou ainda que a \u00faltima reuni\u00e3o do g\u00e9nero tinha acontecido em 2010.<\/div>\n<div>&nbsp;<\/div>\n<div>Para al\u00e9m do dom\u00ednio pol\u00edtico e diplom\u00e1tico, os dois pa\u00edses pretendem ainda relan\u00e7ar as rela\u00e7\u00f5es econ\u00f3micas que est\u00e3o muito abaixo do seu real potencial.<\/div>\n<div>&nbsp;<\/div>\n<div>Nos \u00faltimos anos o com\u00e9rcio entre Mo\u00e7ambique e Egipto foi de menos de cinco milh\u00f5es de d\u00f3lares quando pode se vender muito mais e at\u00e9 realizar-se investimentos significativos em ambos lados.<\/div>\n<div>&nbsp;<\/div>\n<div>At\u00e9 porque o Egipto tem uma larga experi\u00eancia na explora\u00e7\u00e3o do petr\u00f3leo e g\u00e1s natural, \u00e9 uma grande pot\u00eancia no turismo e agricultura, serve de porta de entrada para os pa\u00edses da regi\u00e3o atrav\u00e9s de uma extensa rede ferro-portu\u00e1ria e rodovi\u00e1ria, todas essas s\u00e3o caracter\u00edsticas econ\u00f3micas similares a Mo\u00e7ambique dai que n\u00e3o h\u00e1 como os dois pa\u00edses n\u00e3o tirarem vantagens econ\u00f3micas nas suas rela\u00e7\u00f5es.<\/div>\n","protected":false},"excerpt":{"rendered":"<p>O Presidente da Rep\u00fablica *Filipe Jacinto Nyusi* terminou hoje uma visita oficial de tr\u00eas dias ao Egipto a convite do seu hom\u00f3logo Abdel Fatah El-Sisi. &nbsp; Os dois Chefes de Estado reuniram-se na manh\u00e3 de S\u00e1bado por mais de uma hora e meia a s\u00f3s e depois com as respectivas delega\u00e7\u00f5es. No final os dois &hellip;<\/p>\n","protected":false},"author":1,"featured_media":0,"comment_status":"open","ping_status":"open","sticky":false,"template":"","format":"standard","meta":{"_jetpack_memberships_contains_paid_content":false,"footnotes":""},"categories":[4],"tags":[],"class_list":["post-2861","post","type-post","status-publish","format-standard","hentry","category-outras"],"jetpack_featured_media_url":"","jetpack_sharing_enabled":true,"_links":{"self":[{"href":"https:\/\/www.frelimo.org.mz\/index.php?rest_route=\/wp\/v2\/posts\/2861","targetHints":{"allow":["GET"]}}],"collection":[{"href":"https:\/\/www.frelimo.org.mz\/index.php?rest_route=\/wp\/v2\/posts"}],"about":[{"href":"https:\/\/www.frelimo.org.mz\/index.php?rest_route=\/wp\/v2\/types\/post"}],"author":[{"embeddable":true,"href":"https:\/\/www.frelimo.org.mz\/index.php?rest_route=\/wp\/v2\/users\/1"}],"replies":[{"embeddable":true,"href":"https:\/\/www.frelimo.org.mz\/index.php?rest_route=%2Fwp%2Fv2%2Fcomments&post=2861"}],"version-history":[{"count":0,"href":"https:\/\/www.frelimo.org.mz\/index.php?rest_route=\/wp\/v2\/posts\/2861\/revisions"}],"wp:attachment":[{"href":"https:\/\/www.frelimo.org.mz\/index.php?rest_route=%2Fwp%2Fv2%2Fmedia&parent=2861"}],"wp:term":[{"taxonomy":"category","embeddable":true,"href":"https:\/\/www.frelimo.org.mz\/index.php?rest_route=%2Fwp%2Fv2%2Fcategories&post=2861"},{"taxonomy":"post_tag","embeddable":true,"href":"https:\/\/www.frelimo.org.mz\/index.php?rest_route=%2Fwp%2Fv2%2Ftags&post=2861"}],"curies":[{"name":"wp","href":"https:\/\/api.w.org\/{rel}","templated":true}]}}