{"id":2845,"date":"2019-06-04T18:03:53","date_gmt":"2019-06-04T18:03:53","guid":{"rendered":"https:\/\/www.frelimo.org.mz\/?p=2845"},"modified":"2019-06-04T18:03:53","modified_gmt":"2019-06-04T18:03:53","slug":"frelimo-em-sofala-visita-as-instalacoes-das-comunicacoes-sociais-sedeadas-na-provincia-de-sofala","status":"publish","type":"post","link":"https:\/\/www.frelimo.org.mz\/?p=2845","title":{"rendered":"FRELIMO em Sofala visita as instala\u00e7\u00f5es das Comunica\u00e7\u00f5es Sociais sedeadas na Prov\u00edncia de Sofala"},"content":{"rendered":"<div>S\u00e9rgio Pantie Membro da Comiss\u00e3o Politica e Chefe da Brigada Central de Assist\u00eancia a Prov\u00edncia de Sofala&nbsp; &nbsp;satisfeito com o envolvimento dos profissionais de Comunica\u00e7\u00e3o social baseados na Beira na veicula\u00e7\u00e3o de varias informa\u00e7\u00f5es do interesse Nacional.<br \/>\n<!--more-->\n<\/div>\n<div>&nbsp;<\/div>\n<div>*S\u00e9rgio Pantie*, MCP ficou impressionado pela forma como os \u00f3rg\u00e3o de Comunica\u00e7\u00e3o social tem se empenhado no processo de desenvolvimento social econ\u00f4mico e pol\u00edtico do pais que reflecte na qualidade e profissionalismo na recolha, tratamento e difus\u00e3o de informa\u00e7\u00e3o.<\/div>\n<div>&nbsp;<\/div>\n<div>*S\u00e9rgio Pantie* fez este pronunciamento esta segunda feira, na Beira, quando visitava a Televis\u00e3o e Radio Mo\u00e7ambique e Jornal Noticias delega\u00e7\u00e3o da Beira<\/div>\n<div>Pantie disse que e impressionante como os profissionais desses \u00f3rg\u00e3os tem se empenhado na divulga\u00e7\u00e3o de informa\u00e7\u00e3o mesmo com algumas dificuldades que enfrentam no seu dia- a -dia.<\/div>\n<div>&nbsp;<\/div>\n<div>\u201cO papel dos medias tem sido muito importante na recolha, tratamento e difus\u00e3o de v\u00e1rios assuntos de interesse nacional e nos como Partido FRELIMO&nbsp; saudamos esta firmeza\u201d disse o Membro da Comiss\u00e3o Politica .<\/div>\n<div>&nbsp;<\/div>\n<div>Falando sobre o encontro que o Presidente da Rep\u00fablica&nbsp; *Filipe Jacinto Nyusi* manteve este Domingo em Chimoio com o dirigente da renamo, Pantie saudou o engajamento do alto magistrado da na\u00e7\u00e3o&nbsp; na manuten\u00e7\u00e3o da paz e disse ser um passo muito importante&nbsp; dado no concernente a uma paz efectiva no pais, o que ir\u00e1 permitir um desenvolvimento c\u00e9lere do pais e uma participa\u00e7\u00e3o dos&nbsp; mo\u00e7ambicanos em processos eleitorais.<\/div>\n<div>A visita a estes \u00f3rg\u00e3os visava&nbsp; saudar o&nbsp; envolvimento dos \u00f3rg\u00e3os de Comunica\u00e7\u00e3o social, pela sua participa\u00e7\u00e3o em v\u00e1rios processos de desenvolvimento,&nbsp; politico, econ\u00f4mico cultural e desportivas e ate no seu papel de educa\u00e7\u00e3o das sociedades.<\/div>\n<div>&nbsp;<\/div>\n<div>*Pantie* trabalha na Beira no \u00e2mbito da divulga\u00e7\u00e3o das decis\u00f5es da III Sess\u00e3o do Comit\u00ea Central havida recentemente na cidade da Matola e da Directiva das elei\u00e7\u00f5es internas do partido a terem lugar nos pr\u00f3ximos dias.<\/div>\n","protected":false},"excerpt":{"rendered":"<p>S\u00e9rgio Pantie Membro da Comiss\u00e3o Politica e Chefe da Brigada Central de Assist\u00eancia a Prov\u00edncia de Sofala&nbsp; &nbsp;satisfeito com o envolvimento dos profissionais de Comunica\u00e7\u00e3o social baseados na Beira na veicula\u00e7\u00e3o de varias informa\u00e7\u00f5es do interesse Nacional. &nbsp; *S\u00e9rgio Pantie*, MCP ficou impressionado pela forma como os \u00f3rg\u00e3o de Comunica\u00e7\u00e3o social tem se empenhado no &hellip;<\/p>\n","protected":false},"author":1,"featured_media":0,"comment_status":"open","ping_status":"open","sticky":false,"template":"","format":"standard","meta":{"_jetpack_memberships_contains_paid_content":false,"footnotes":""},"categories":[4],"tags":[],"class_list":["post-2845","post","type-post","status-publish","format-standard","hentry","category-outras"],"jetpack_featured_media_url":"","jetpack_sharing_enabled":true,"_links":{"self":[{"href":"https:\/\/www.frelimo.org.mz\/index.php?rest_route=\/wp\/v2\/posts\/2845","targetHints":{"allow":["GET"]}}],"collection":[{"href":"https:\/\/www.frelimo.org.mz\/index.php?rest_route=\/wp\/v2\/posts"}],"about":[{"href":"https:\/\/www.frelimo.org.mz\/index.php?rest_route=\/wp\/v2\/types\/post"}],"author":[{"embeddable":true,"href":"https:\/\/www.frelimo.org.mz\/index.php?rest_route=\/wp\/v2\/users\/1"}],"replies":[{"embeddable":true,"href":"https:\/\/www.frelimo.org.mz\/index.php?rest_route=%2Fwp%2Fv2%2Fcomments&post=2845"}],"version-history":[{"count":0,"href":"https:\/\/www.frelimo.org.mz\/index.php?rest_route=\/wp\/v2\/posts\/2845\/revisions"}],"wp:attachment":[{"href":"https:\/\/www.frelimo.org.mz\/index.php?rest_route=%2Fwp%2Fv2%2Fmedia&parent=2845"}],"wp:term":[{"taxonomy":"category","embeddable":true,"href":"https:\/\/www.frelimo.org.mz\/index.php?rest_route=%2Fwp%2Fv2%2Fcategories&post=2845"},{"taxonomy":"post_tag","embeddable":true,"href":"https:\/\/www.frelimo.org.mz\/index.php?rest_route=%2Fwp%2Fv2%2Ftags&post=2845"}],"curies":[{"name":"wp","href":"https:\/\/api.w.org\/{rel}","templated":true}]}}