{"id":2844,"date":"2019-06-04T17:58:33","date_gmt":"2019-06-04T17:58:33","guid":{"rendered":"https:\/\/www.frelimo.org.mz\/?p=2844"},"modified":"2019-06-04T17:58:33","modified_gmt":"2019-06-04T17:58:33","slug":"presidente-nyusi-o-presidente-do-povo-e-para-o-povo","status":"publish","type":"post","link":"https:\/\/www.frelimo.org.mz\/?p=2844","title":{"rendered":"Presidente, NYUSI o Presidente do Povo e para o Povo"},"content":{"rendered":"<div>As Imagens ilustram que o Presidente da *FRELIMO* \u00e9 carinhosamente amado pelo seu povo e com os \u00f3rg\u00e3os de Base&nbsp; n\u00edvel de Sofala.<br \/>\n<!--more-->\n<\/div>\n<div>&nbsp;<\/div>\n<div>*Filipe Jacinto Nyusi*, Sofala est\u00e1 Consigo, o povo est\u00e1 consigo.<\/div>\n<div>&nbsp;<\/div>\n<div>&nbsp;<\/div>\n<div>&nbsp;*Filipe Jacinto Nyusi*, Presidente do Partido Frelimo e da Rep\u00fablica de Mo\u00e7ambique promove de forma incans\u00e1vel a Unidade e Coes\u00e3o Nacional em prol do bem estar do seu povo e \u00fanico patr\u00e3o.<\/div>\n<div>&nbsp;<\/div>\n<div>De forma incans\u00e1vel, o Camarada Presidente *Filipe Jacinto Nyusi* se tem desdobrado na busca de solu\u00e7\u00f5es para o desenvolvimento de Mo\u00e7ambique e dos mocambicanos.<\/div>\n","protected":false},"excerpt":{"rendered":"<p>As Imagens ilustram que o Presidente da *FRELIMO* \u00e9 carinhosamente amado pelo seu povo e com os \u00f3rg\u00e3os de Base&nbsp; n\u00edvel de Sofala. &nbsp; *Filipe Jacinto Nyusi*, Sofala est\u00e1 Consigo, o povo est\u00e1 consigo. &nbsp; &nbsp; &nbsp;*Filipe Jacinto Nyusi*, Presidente do Partido Frelimo e da Rep\u00fablica de Mo\u00e7ambique promove de forma incans\u00e1vel a Unidade e &hellip;<\/p>\n","protected":false},"author":1,"featured_media":0,"comment_status":"open","ping_status":"open","sticky":false,"template":"","format":"standard","meta":{"_jetpack_memberships_contains_paid_content":false,"footnotes":""},"categories":[4],"tags":[],"class_list":["post-2844","post","type-post","status-publish","format-standard","hentry","category-outras"],"jetpack_featured_media_url":"","jetpack_sharing_enabled":true,"_links":{"self":[{"href":"https:\/\/www.frelimo.org.mz\/index.php?rest_route=\/wp\/v2\/posts\/2844","targetHints":{"allow":["GET"]}}],"collection":[{"href":"https:\/\/www.frelimo.org.mz\/index.php?rest_route=\/wp\/v2\/posts"}],"about":[{"href":"https:\/\/www.frelimo.org.mz\/index.php?rest_route=\/wp\/v2\/types\/post"}],"author":[{"embeddable":true,"href":"https:\/\/www.frelimo.org.mz\/index.php?rest_route=\/wp\/v2\/users\/1"}],"replies":[{"embeddable":true,"href":"https:\/\/www.frelimo.org.mz\/index.php?rest_route=%2Fwp%2Fv2%2Fcomments&post=2844"}],"version-history":[{"count":0,"href":"https:\/\/www.frelimo.org.mz\/index.php?rest_route=\/wp\/v2\/posts\/2844\/revisions"}],"wp:attachment":[{"href":"https:\/\/www.frelimo.org.mz\/index.php?rest_route=%2Fwp%2Fv2%2Fmedia&parent=2844"}],"wp:term":[{"taxonomy":"category","embeddable":true,"href":"https:\/\/www.frelimo.org.mz\/index.php?rest_route=%2Fwp%2Fv2%2Fcategories&post=2844"},{"taxonomy":"post_tag","embeddable":true,"href":"https:\/\/www.frelimo.org.mz\/index.php?rest_route=%2Fwp%2Fv2%2Ftags&post=2844"}],"curies":[{"name":"wp","href":"https:\/\/api.w.org\/{rel}","templated":true}]}}