{"id":2832,"date":"2019-05-15T17:44:28","date_gmt":"2019-05-15T17:44:28","guid":{"rendered":"https:\/\/www.frelimo.org.mz\/?p=2832"},"modified":"2019-05-15T17:44:28","modified_gmt":"2019-05-15T17:44:28","slug":"secretario-geral-da-frelimo-intensifica-contactos-com-partidos-amigos-em-portugal","status":"publish","type":"post","link":"https:\/\/www.frelimo.org.mz\/?p=2832","title":{"rendered":"Secret\u00e1rio Geral da Frelimo Intensifica contactos com Partidos amigos em Portugal"},"content":{"rendered":"<p>Depois de ter escalado na manh\u00e3 de hoje a sede do Partido Social Democrata onde se reuniu com o Primeiro Vice Presidente e o Secret\u00e1rio Geral, est\u00e1 tarde Roque Silva escalou a Sede&nbsp; do Partido Socialista Portugu\u00eas onde reuniu se com Ana Catarina Mendes Secretaria Geral Adjunta daquele Partido&nbsp; &nbsp;<\/p>\n<p><!--more--><\/p>\n<p>&nbsp; &nbsp; &nbsp; &nbsp; &nbsp; &nbsp; &nbsp; &nbsp; &nbsp; &nbsp; &nbsp; &nbsp; &nbsp; &nbsp; &nbsp; &nbsp; &nbsp; &nbsp; &nbsp; Os dois dirigentes, acompanhados acompanhados por quadros dos seus partidos, falaram da situa\u00e7\u00e3o Geral dos seus pa\u00edses, trocaram informa\u00e7\u00f5es sobre os processos eleitorais em curso nos respectivos pa\u00edses nomeadamente Elei\u00e7\u00f5es para o Parlamento Europeu em Portugal e elei\u00e7\u00f5es Gerais em Mo\u00e7ambique.&nbsp; &nbsp; &nbsp; &nbsp; &nbsp; &nbsp;Movidos pelo desejo de ver refor\u00e7ada a coopera\u00e7\u00e3o bilateral entre o seus Partidos, identificaram \u00e1reas que estar\u00e3o no centro das aten\u00e7\u00f5es no plano de a\u00e7\u00e3o conjunto que ir\u00e1 orientar a coopera\u00e7\u00e3o entre a Frelimo e o Partifo Socialista Portugues no futuro.<\/p>\n<p><img loading=\"lazy\" decoding=\"async\" class=\" size-full wp-image-2831\" src=\"https:\/\/www.frelimo.org.mz\/\/wp-content\/uploads\/2019\/05\/WhatsApp_Image_2019-05-15_at_18.11.34.jpeg\" alt=\"WhatsApp Image 2019-05-15 at 18.11.34\" width=\"768\" height=\"1024\" \/><\/p>\n","protected":false},"excerpt":{"rendered":"<p>Depois de ter escalado na manh\u00e3 de hoje a sede do Partido Social Democrata onde se reuniu com o Primeiro Vice Presidente e o Secret\u00e1rio Geral, est\u00e1 tarde Roque Silva escalou a Sede&nbsp; do Partido Socialista Portugu\u00eas onde reuniu se com Ana Catarina Mendes Secretaria Geral Adjunta daquele Partido&nbsp; &nbsp; &nbsp; &nbsp; &nbsp; &nbsp; &nbsp; &hellip;<\/p>\n","protected":false},"author":1,"featured_media":2831,"comment_status":"open","ping_status":"open","sticky":false,"template":"","format":"standard","meta":{"_jetpack_memberships_contains_paid_content":false,"footnotes":""},"categories":[4],"tags":[],"class_list":["post-2832","post","type-post","status-publish","format-standard","has-post-thumbnail","hentry","category-outras"],"jetpack_featured_media_url":"https:\/\/www.frelimo.org.mz\/wp-content\/uploads\/2019\/05\/WhatsApp_Image_2019-05-15_at_18.11.34.jpeg","jetpack_sharing_enabled":true,"_links":{"self":[{"href":"https:\/\/www.frelimo.org.mz\/index.php?rest_route=\/wp\/v2\/posts\/2832","targetHints":{"allow":["GET"]}}],"collection":[{"href":"https:\/\/www.frelimo.org.mz\/index.php?rest_route=\/wp\/v2\/posts"}],"about":[{"href":"https:\/\/www.frelimo.org.mz\/index.php?rest_route=\/wp\/v2\/types\/post"}],"author":[{"embeddable":true,"href":"https:\/\/www.frelimo.org.mz\/index.php?rest_route=\/wp\/v2\/users\/1"}],"replies":[{"embeddable":true,"href":"https:\/\/www.frelimo.org.mz\/index.php?rest_route=%2Fwp%2Fv2%2Fcomments&post=2832"}],"version-history":[{"count":0,"href":"https:\/\/www.frelimo.org.mz\/index.php?rest_route=\/wp\/v2\/posts\/2832\/revisions"}],"wp:featuredmedia":[{"embeddable":true,"href":"https:\/\/www.frelimo.org.mz\/index.php?rest_route=\/wp\/v2\/media\/2831"}],"wp:attachment":[{"href":"https:\/\/www.frelimo.org.mz\/index.php?rest_route=%2Fwp%2Fv2%2Fmedia&parent=2832"}],"wp:term":[{"taxonomy":"category","embeddable":true,"href":"https:\/\/www.frelimo.org.mz\/index.php?rest_route=%2Fwp%2Fv2%2Fcategories&post=2832"},{"taxonomy":"post_tag","embeddable":true,"href":"https:\/\/www.frelimo.org.mz\/index.php?rest_route=%2Fwp%2Fv2%2Ftags&post=2832"}],"curies":[{"name":"wp","href":"https:\/\/api.w.org\/{rel}","templated":true}]}}