{"id":2824,"date":"2019-05-04T22:00:00","date_gmt":"2019-05-04T22:00:00","guid":{"rendered":"https:\/\/www.frelimo.org.mz\/?p=2824"},"modified":"2019-05-04T22:00:00","modified_gmt":"2019-05-04T22:00:00","slug":"veronica-macamo-garante-que-o-partido-vai-ganhar-de-forma-convincente","status":"publish","type":"post","link":"https:\/\/www.frelimo.org.mz\/?p=2824","title":{"rendered":"VER\u00d3NICA MACAMO GARANTE QUE O PARTIDO VAI GANHAR DE FORMA CONVINCENTE!"},"content":{"rendered":"<p>O Presidente da FRELIMO encerrou, neste in\u00edcio de tarde, na cidade da Matola, a III Sess\u00e3o Ordin\u00e1ria do Comit\u00e9 Central.<\/p>\n<p>Filipe Nyusi frisou que a vit\u00f3ria da Frelimo \u00e9 um imperativo da vit\u00f3ria do povo mo\u00e7ambicano no processo do desenvolvimento do pa\u00eds. Tal vit\u00f3ria<\/p>\n<p><!--more--><\/p>\n<p>depende de votos nas urnas, por isso, Nyusi apelou ao recenseamento eleitoral.<\/p>\n<p>A actual Presidente da Assembleia da Rep\u00fablica, Ver\u00f3nica Macamo, garante que a coes\u00e3o resultante da III Sess\u00e3o Ordin\u00e1ria do CC vai permitir o seu partido vencer as elei\u00e7\u00f5es de forma convincente.<\/p>\n<p>Filipe Nyusi disse que a Frelimo termina os trabalhos da III Sess\u00e3o do CC com a sensa\u00e7\u00e3o de miss\u00e3o cumprida.<\/p>\n","protected":false},"excerpt":{"rendered":"<p>O Presidente da FRELIMO encerrou, neste in\u00edcio de tarde, na cidade da Matola, a III Sess\u00e3o Ordin\u00e1ria do Comit\u00e9 Central. Filipe Nyusi frisou que a vit\u00f3ria da Frelimo \u00e9 um imperativo da vit\u00f3ria do povo mo\u00e7ambicano no processo do desenvolvimento do pa\u00eds. Tal vit\u00f3ria depende de votos nas urnas, por isso, Nyusi apelou ao recenseamento &hellip;<\/p>\n","protected":false},"author":1,"featured_media":0,"comment_status":"open","ping_status":"open","sticky":false,"template":"","format":"standard","meta":{"_jetpack_memberships_contains_paid_content":false,"footnotes":""},"categories":[4],"tags":[],"class_list":["post-2824","post","type-post","status-publish","format-standard","hentry","category-outras"],"jetpack_featured_media_url":"","jetpack_sharing_enabled":true,"_links":{"self":[{"href":"https:\/\/www.frelimo.org.mz\/index.php?rest_route=\/wp\/v2\/posts\/2824","targetHints":{"allow":["GET"]}}],"collection":[{"href":"https:\/\/www.frelimo.org.mz\/index.php?rest_route=\/wp\/v2\/posts"}],"about":[{"href":"https:\/\/www.frelimo.org.mz\/index.php?rest_route=\/wp\/v2\/types\/post"}],"author":[{"embeddable":true,"href":"https:\/\/www.frelimo.org.mz\/index.php?rest_route=\/wp\/v2\/users\/1"}],"replies":[{"embeddable":true,"href":"https:\/\/www.frelimo.org.mz\/index.php?rest_route=%2Fwp%2Fv2%2Fcomments&post=2824"}],"version-history":[{"count":0,"href":"https:\/\/www.frelimo.org.mz\/index.php?rest_route=\/wp\/v2\/posts\/2824\/revisions"}],"wp:attachment":[{"href":"https:\/\/www.frelimo.org.mz\/index.php?rest_route=%2Fwp%2Fv2%2Fmedia&parent=2824"}],"wp:term":[{"taxonomy":"category","embeddable":true,"href":"https:\/\/www.frelimo.org.mz\/index.php?rest_route=%2Fwp%2Fv2%2Fcategories&post=2824"},{"taxonomy":"post_tag","embeddable":true,"href":"https:\/\/www.frelimo.org.mz\/index.php?rest_route=%2Fwp%2Fv2%2Ftags&post=2824"}],"curies":[{"name":"wp","href":"https:\/\/api.w.org\/{rel}","templated":true}]}}