{"id":2801,"date":"2019-04-22T22:00:00","date_gmt":"2019-04-22T22:00:00","guid":{"rendered":"https:\/\/www.frelimo.org.mz\/?p=2801"},"modified":"2019-04-22T22:00:00","modified_gmt":"2019-04-22T22:00:00","slug":"secretario-geral-da-frelimo-inicia-visita-de-trabalho-a-provincia-de-cabo-delgado","status":"publish","type":"post","link":"https:\/\/www.frelimo.org.mz\/?p=2801","title":{"rendered":"SECRET\u00c1RIO GERAL DA FRELIMO INICIA VISITA DE TRABALHO A PROVINCIA DE CABO DELGADO"},"content":{"rendered":"<p>O Secret\u00e1rio geral da FRELIMO, Roque Silva Samuel, iniciou hoje, 23 de abril, uma visita de trabalho de cinco dias \u00e0 Prov\u00edncia de Cabo Delgado, no quadro do acompanhamento do funcionamento dos \u00d3rg\u00e3os do Partido e suas organiza\u00e7\u00f5es sociais, avalia\u00e7\u00e3o do n\u00edvel de cumprimento do manifesto<\/p>\n<p><!--more--><\/p>\n<p>eleitoral e a situa\u00e7\u00e3o pol\u00edtica, econ\u00f4mica e social.<\/p>\n<p>Durante a visita, o Secret\u00e1rio Geral da FRELIMO vai orientar encontros com os \u00f3rg\u00e3os do partido e os diversos segmentos da sociedade.<\/p>\n<p>Em cabo delgado, o secret\u00e1rio geral da FRELIMO, vai igualmente prestar solidariedade \u00e0s popula\u00e7\u00f5es que t\u00eam sido vitimas dos ataques dos malfeitores em alguns pontos desta Prov\u00edncia nortenha, semeando luto e dor nas fam\u00edlias e destruindo infraestruturas socioecon\u00f4micas, comprometendo o desenvolvimento.<\/p>\n<p><img loading=\"lazy\" decoding=\"async\" class=\" size-full wp-image-2800\" src=\"https:\/\/www.frelimo.org.mz\/\/wp-content\/uploads\/2019\/04\/WhatsApp_Image_2019-04-23_at_16.57.21.jpeg\" alt=\"WhatsApp Image 2019-04-23 at 16.57.21\" width=\"1280\" height=\"853\" \/><\/p>\n","protected":false},"excerpt":{"rendered":"<p>O Secret\u00e1rio geral da FRELIMO, Roque Silva Samuel, iniciou hoje, 23 de abril, uma visita de trabalho de cinco dias \u00e0 Prov\u00edncia de Cabo Delgado, no quadro do acompanhamento do funcionamento dos \u00d3rg\u00e3os do Partido e suas organiza\u00e7\u00f5es sociais, avalia\u00e7\u00e3o do n\u00edvel de cumprimento do manifesto eleitoral e a situa\u00e7\u00e3o pol\u00edtica, econ\u00f4mica e social. Durante &hellip;<\/p>\n","protected":false},"author":1,"featured_media":2800,"comment_status":"open","ping_status":"open","sticky":false,"template":"","format":"standard","meta":{"_jetpack_memberships_contains_paid_content":false,"footnotes":""},"categories":[4],"tags":[],"class_list":["post-2801","post","type-post","status-publish","format-standard","has-post-thumbnail","hentry","category-outras"],"jetpack_featured_media_url":"https:\/\/www.frelimo.org.mz\/wp-content\/uploads\/2019\/04\/WhatsApp_Image_2019-04-23_at_16.57.21.jpeg","jetpack_sharing_enabled":true,"_links":{"self":[{"href":"https:\/\/www.frelimo.org.mz\/index.php?rest_route=\/wp\/v2\/posts\/2801","targetHints":{"allow":["GET"]}}],"collection":[{"href":"https:\/\/www.frelimo.org.mz\/index.php?rest_route=\/wp\/v2\/posts"}],"about":[{"href":"https:\/\/www.frelimo.org.mz\/index.php?rest_route=\/wp\/v2\/types\/post"}],"author":[{"embeddable":true,"href":"https:\/\/www.frelimo.org.mz\/index.php?rest_route=\/wp\/v2\/users\/1"}],"replies":[{"embeddable":true,"href":"https:\/\/www.frelimo.org.mz\/index.php?rest_route=%2Fwp%2Fv2%2Fcomments&post=2801"}],"version-history":[{"count":0,"href":"https:\/\/www.frelimo.org.mz\/index.php?rest_route=\/wp\/v2\/posts\/2801\/revisions"}],"wp:featuredmedia":[{"embeddable":true,"href":"https:\/\/www.frelimo.org.mz\/index.php?rest_route=\/wp\/v2\/media\/2800"}],"wp:attachment":[{"href":"https:\/\/www.frelimo.org.mz\/index.php?rest_route=%2Fwp%2Fv2%2Fmedia&parent=2801"}],"wp:term":[{"taxonomy":"category","embeddable":true,"href":"https:\/\/www.frelimo.org.mz\/index.php?rest_route=%2Fwp%2Fv2%2Fcategories&post=2801"},{"taxonomy":"post_tag","embeddable":true,"href":"https:\/\/www.frelimo.org.mz\/index.php?rest_route=%2Fwp%2Fv2%2Ftags&post=2801"}],"curies":[{"name":"wp","href":"https:\/\/api.w.org\/{rel}","templated":true}]}}