{"id":2789,"date":"2019-04-09T22:00:00","date_gmt":"2019-04-09T22:00:00","guid":{"rendered":"https:\/\/www.frelimo.org.mz\/?p=2789"},"modified":"2019-04-09T22:00:00","modified_gmt":"2019-04-09T22:00:00","slug":"membro-da-comissao-politica-e-membros-do-comite-central-de-assistencia-estao-desde-logo-cedo-na-provincia-de-sofala","status":"publish","type":"post","link":"https:\/\/www.frelimo.org.mz\/?p=2789","title":{"rendered":"MEMBRO DA COMISS\u00c3O POLITICA E MEMBROS DO COMIT\u00c9 CENTRAL DE ASSIST\u00caNCIA EST\u00c3O DESDE LOGO CEDO NA PROV\u00cdNCIA DE SOFALA"},"content":{"rendered":"<p>O camarada S\u00e9rgio Jos\u00e9 Camunga Pantie MCP e Chefe da Brigada de Assist\u00eancia e Membros da Brigada Central foram recebidos hoje no Comit\u00e9 Provincial de Sofala com as Organiza\u00e7\u00f5es Sociais do Partido FRELIMO no \u00e2mbito de festa.<\/p>\n<p><!--more--><\/p>\n<p>&nbsp;<\/p>\n<p>A Brigada de Assist\u00eancia a provincia de sofala tem como objetivo principal oficializar o Gabinete Provincial de Prepara\u00e7\u00e3o das Elei\u00e7\u00f5es Provincial.<\/p>\n<p>O acto est\u00e1 a ser dirigido pelo Membro da Comiss\u00e3o Politica e Chefe da Brigada Central o Camarada S\u00e9rgio Pantie.<\/p>\n<p>Pantie, disse na ocasiao que a principal tarefa do gabinete eleitoral e de organizar e coordenar todo o processo de modo que o nosso candidato Filipe Jacinto Nyusi e a FRELIMO saiam vencedores em toda a Prov\u00edncia.<\/p>\n<p>Amanh\u00e3 dia 11 de Abril as brigadas da Prov\u00edncia de Assist\u00eancia deslocar\u00e3o a todos os distritos com o objectivo de: Oficializa\u00e7\u00e3o dos Gabinetes Distritais de Prepara\u00e7\u00e3o da Elei\u00e7\u00f5es entre outros.<\/p>\n","protected":false},"excerpt":{"rendered":"<p>O camarada S\u00e9rgio Jos\u00e9 Camunga Pantie MCP e Chefe da Brigada de Assist\u00eancia e Membros da Brigada Central foram recebidos hoje no Comit\u00e9 Provincial de Sofala com as Organiza\u00e7\u00f5es Sociais do Partido FRELIMO no \u00e2mbito de festa. &nbsp; A Brigada de Assist\u00eancia a provincia de sofala tem como objetivo principal oficializar o Gabinete Provincial de &hellip;<\/p>\n","protected":false},"author":1,"featured_media":0,"comment_status":"open","ping_status":"open","sticky":false,"template":"","format":"standard","meta":{"_jetpack_memberships_contains_paid_content":false,"footnotes":""},"categories":[4],"tags":[],"class_list":["post-2789","post","type-post","status-publish","format-standard","hentry","category-outras"],"jetpack_featured_media_url":"","jetpack_sharing_enabled":true,"_links":{"self":[{"href":"https:\/\/www.frelimo.org.mz\/index.php?rest_route=\/wp\/v2\/posts\/2789","targetHints":{"allow":["GET"]}}],"collection":[{"href":"https:\/\/www.frelimo.org.mz\/index.php?rest_route=\/wp\/v2\/posts"}],"about":[{"href":"https:\/\/www.frelimo.org.mz\/index.php?rest_route=\/wp\/v2\/types\/post"}],"author":[{"embeddable":true,"href":"https:\/\/www.frelimo.org.mz\/index.php?rest_route=\/wp\/v2\/users\/1"}],"replies":[{"embeddable":true,"href":"https:\/\/www.frelimo.org.mz\/index.php?rest_route=%2Fwp%2Fv2%2Fcomments&post=2789"}],"version-history":[{"count":0,"href":"https:\/\/www.frelimo.org.mz\/index.php?rest_route=\/wp\/v2\/posts\/2789\/revisions"}],"wp:attachment":[{"href":"https:\/\/www.frelimo.org.mz\/index.php?rest_route=%2Fwp%2Fv2%2Fmedia&parent=2789"}],"wp:term":[{"taxonomy":"category","embeddable":true,"href":"https:\/\/www.frelimo.org.mz\/index.php?rest_route=%2Fwp%2Fv2%2Fcategories&post=2789"},{"taxonomy":"post_tag","embeddable":true,"href":"https:\/\/www.frelimo.org.mz\/index.php?rest_route=%2Fwp%2Fv2%2Ftags&post=2789"}],"curies":[{"name":"wp","href":"https:\/\/api.w.org\/{rel}","templated":true}]}}