{"id":2778,"date":"2019-04-03T22:00:00","date_gmt":"2019-04-03T22:00:00","guid":{"rendered":"https:\/\/www.frelimo.org.mz\/?p=2778"},"modified":"2019-04-03T22:00:00","modified_gmt":"2019-04-03T22:00:00","slug":"secretario-geral-da-frelimo-visita-cuba","status":"publish","type":"post","link":"https:\/\/www.frelimo.org.mz\/?p=2778","title":{"rendered":"Secret\u00e1rio Geral da FRELIMO visita Cuba"},"content":{"rendered":"<p>O Secret\u00e1rio Geral da FRELIMO Roque Silva Samuel encontra se em Havana Cuba, numa visita de trabalho de 4 dias.<\/p>\n<p>Nesta digress\u00e3o faz-se acompanhar pelos Secret\u00e1rios do Comit\u00e9 Central Chaquil Aboobacar, Caifadine Manasse, Leonor Das Neves e pelo Chefe do Departamento de Defesa.<\/p>\n","protected":false},"excerpt":{"rendered":"<p>O Secret\u00e1rio Geral da FRELIMO Roque Silva Samuel encontra se em Havana Cuba, numa visita de trabalho de 4 dias. Nesta digress\u00e3o faz-se acompanhar pelos Secret\u00e1rios do Comit\u00e9 Central Chaquil Aboobacar, Caifadine Manasse, Leonor Das Neves e pelo Chefe do Departamento de Defesa.<\/p>\n","protected":false},"author":1,"featured_media":0,"comment_status":"open","ping_status":"open","sticky":false,"template":"","format":"standard","meta":{"_jetpack_memberships_contains_paid_content":false,"footnotes":""},"categories":[4],"tags":[],"class_list":["post-2778","post","type-post","status-publish","format-standard","hentry","category-outras"],"jetpack_featured_media_url":"","jetpack_sharing_enabled":true,"_links":{"self":[{"href":"https:\/\/www.frelimo.org.mz\/index.php?rest_route=\/wp\/v2\/posts\/2778","targetHints":{"allow":["GET"]}}],"collection":[{"href":"https:\/\/www.frelimo.org.mz\/index.php?rest_route=\/wp\/v2\/posts"}],"about":[{"href":"https:\/\/www.frelimo.org.mz\/index.php?rest_route=\/wp\/v2\/types\/post"}],"author":[{"embeddable":true,"href":"https:\/\/www.frelimo.org.mz\/index.php?rest_route=\/wp\/v2\/users\/1"}],"replies":[{"embeddable":true,"href":"https:\/\/www.frelimo.org.mz\/index.php?rest_route=%2Fwp%2Fv2%2Fcomments&post=2778"}],"version-history":[{"count":0,"href":"https:\/\/www.frelimo.org.mz\/index.php?rest_route=\/wp\/v2\/posts\/2778\/revisions"}],"wp:attachment":[{"href":"https:\/\/www.frelimo.org.mz\/index.php?rest_route=%2Fwp%2Fv2%2Fmedia&parent=2778"}],"wp:term":[{"taxonomy":"category","embeddable":true,"href":"https:\/\/www.frelimo.org.mz\/index.php?rest_route=%2Fwp%2Fv2%2Fcategories&post=2778"},{"taxonomy":"post_tag","embeddable":true,"href":"https:\/\/www.frelimo.org.mz\/index.php?rest_route=%2Fwp%2Fv2%2Ftags&post=2778"}],"curies":[{"name":"wp","href":"https:\/\/api.w.org\/{rel}","templated":true}]}}