{"id":2761,"date":"2019-03-27T09:22:53","date_gmt":"2019-03-27T09:22:53","guid":{"rendered":"https:\/\/www.frelimo.org.mz\/?p=2761"},"modified":"2019-03-27T09:22:53","modified_gmt":"2019-03-27T09:22:53","slug":"isaura-nyusi-solidariza-se-com-as-vitimas-do-ciclone-idai-na-beira","status":"publish","type":"post","link":"https:\/\/www.frelimo.org.mz\/?p=2761","title":{"rendered":"Isaura Nyusi solidariza-se com as v\u00edtimas do ciclone IDAI na Beira"},"content":{"rendered":"<div class=\"itemIntroText\" style=\"color: #111111; font-family: 'Titillium Web'; font-size: 14px; background-color: #f6f6f6;\">\n<p style=\"margin: 0px 0px 10px;\">A Esposa do Presidente da Rep\u00fablica, Isaura Nyusi, conforta as v\u00edtimas do ciclone IDAI nos centros de acomoda\u00e7\u00e3o na cidade da Beira, prov\u00edncia de Sofala.<\/p>\n<\/div>\n<div class=\"itemFullText\" style=\"color: #111111; font-family: 'Titillium Web'; font-size: 14px; background-color: #f6f6f6;\">\n<p style=\"margin: 0px 0px 10px;\">Falando no in\u00edcio da sua visita de trabalho de dois dias \u00e0 prov\u00edncia de Sofala, Isaura Nyusi referiu que o seu gabinente est\u00e1 a mobilizar ajuda<\/p>\n<p><!--more--><\/p>\n<p style=\"margin: 0px 0px 10px;\">humanit\u00e1ria nacional e internacional.<\/p>\n<p style=\"margin: 0px 0px 10px;\">Com efeito, ontem o Gabinete da Esposa do Presidente da Rep\u00fablica lan\u00e7ou o Movimento Nacional de Solidariedade em apoio das v\u00edtimas do ciclone IDAI.<\/p>\n<p style=\"margin: 0px 0px 10px;\">Por outro lado, Isaura Nyusi apelou as fam\u00edlias que se encontram nos centros de acomoda\u00e7\u00e3o a observarem medidas de higiene para evitar doen\u00e7as de origem h\u00eddrica.<\/p>\n<\/div>\n","protected":false},"excerpt":{"rendered":"<p>A Esposa do Presidente da Rep\u00fablica, Isaura Nyusi, conforta as v\u00edtimas do ciclone IDAI nos centros de acomoda\u00e7\u00e3o na cidade da Beira, prov\u00edncia de Sofala. Falando no in\u00edcio da sua visita de trabalho de dois dias \u00e0 prov\u00edncia de Sofala, Isaura Nyusi referiu que o seu gabinente est\u00e1 a mobilizar ajuda humanit\u00e1ria nacional e internacional. &hellip;<\/p>\n","protected":false},"author":1,"featured_media":0,"comment_status":"open","ping_status":"open","sticky":false,"template":"","format":"standard","meta":{"_jetpack_memberships_contains_paid_content":false,"footnotes":""},"categories":[4],"tags":[],"class_list":["post-2761","post","type-post","status-publish","format-standard","hentry","category-outras"],"jetpack_featured_media_url":"","jetpack_sharing_enabled":true,"_links":{"self":[{"href":"https:\/\/www.frelimo.org.mz\/index.php?rest_route=\/wp\/v2\/posts\/2761","targetHints":{"allow":["GET"]}}],"collection":[{"href":"https:\/\/www.frelimo.org.mz\/index.php?rest_route=\/wp\/v2\/posts"}],"about":[{"href":"https:\/\/www.frelimo.org.mz\/index.php?rest_route=\/wp\/v2\/types\/post"}],"author":[{"embeddable":true,"href":"https:\/\/www.frelimo.org.mz\/index.php?rest_route=\/wp\/v2\/users\/1"}],"replies":[{"embeddable":true,"href":"https:\/\/www.frelimo.org.mz\/index.php?rest_route=%2Fwp%2Fv2%2Fcomments&post=2761"}],"version-history":[{"count":0,"href":"https:\/\/www.frelimo.org.mz\/index.php?rest_route=\/wp\/v2\/posts\/2761\/revisions"}],"wp:attachment":[{"href":"https:\/\/www.frelimo.org.mz\/index.php?rest_route=%2Fwp%2Fv2%2Fmedia&parent=2761"}],"wp:term":[{"taxonomy":"category","embeddable":true,"href":"https:\/\/www.frelimo.org.mz\/index.php?rest_route=%2Fwp%2Fv2%2Fcategories&post=2761"},{"taxonomy":"post_tag","embeddable":true,"href":"https:\/\/www.frelimo.org.mz\/index.php?rest_route=%2Fwp%2Fv2%2Ftags&post=2761"}],"curies":[{"name":"wp","href":"https:\/\/api.w.org\/{rel}","templated":true}]}}