{"id":2754,"date":"2019-03-19T09:36:02","date_gmt":"2019-03-19T09:36:02","guid":{"rendered":"https:\/\/www.frelimo.org.mz\/?p=2754"},"modified":"2019-03-19T09:36:02","modified_gmt":"2019-03-19T09:36:02","slug":"prioridade-do-governo-e-salvar-vidas-humanas-face-ao-ciclone-idai-filipe-nyusi","status":"publish","type":"post","link":"https:\/\/www.frelimo.org.mz\/?p=2754","title":{"rendered":"Prioridade do governo \u00e9 salvar vidas humanas, face ao ciclone IDAI: Filipe Nyusi"},"content":{"rendered":"<p>O Presidente da Rep\u00fablica, Filipe Nyusi, disse esta segunda-feira, em Maputo, que a prioridade do governo consiste em salvar vidas face ao ciclone IDAI que deixou um rasto de destrui\u00e7\u00f5es na regi\u00e3o centro do pa\u00eds. Segundo o Presidente da Rep\u00fablica pelo menos 84 pessoas morreram e mais de cem mil est\u00e3o em risco de vida, nas<\/p>\n<p><!--more--><\/p>\n<p>prov\u00edncias de Manica e Sofala.&nbsp;<\/p>\n<div>&nbsp;<\/div>\n<div>O Chefe do Estado que falava numa comunica\u00e7\u00e3o \u00e0 na\u00e7\u00e3o, disse que j\u00e1 foram mobillizados meios para salvar a popula\u00e7\u00e3o. Segundo Filipe Nyusi, n\u00e3o h\u00e1 espa\u00e7o para desculpas nem acusa\u00e7\u00f5es, as For\u00e7as de Defesa e Seguran\u00e7a est\u00e3o no terreno, com os meios a\u00e9reo e mar\u00edtimos, salvando vidas, em parceria com outras for\u00e7as cong\u00e9neres, com vista a r\u00e1pida assist\u00eancia humanit\u00e1ria em bens alimentares e n\u00e3o alimentares, \u00e1gua, energia e comunica\u00e7\u00f5es.&nbsp;<\/div>\n<div>&nbsp;<\/div>\n<div>O Chefe de Estado explicou que o governo mobilizou v\u00e1rios meios a\u00e9reos, entre helic\u00f3pteros e avi\u00f5es, que ainda esta segunda-feira algus seguiram \u00e0 cidade da Beira. O Presidente da Rep\u00fablica, Filipe Nyusi, falando esta segunda-feira, numa comunica\u00e7\u00e3o \u00e0 na\u00e7\u00e3o, na sequ\u00eancia da situa\u00e7\u00e3o tr\u00e1gica que se vive na zona centro do pa\u00eds, devido a passagem do ciclone IDAI, disse que a dimens\u00e3o das pessoas que est\u00e3o a espera de apoio \u00e9 muito grande e deve ser feito em tempo recorde, para se poder salvar grande parte de vidas humanas.&nbsp;<\/div>\n<div>&nbsp;<\/div>\n<div>Os distritos de B\u00fazi, Chibabava e Muanza em Sofala e o distrito de Mossurize e ainda o posto administrativo de Dombe, em Manica, est\u00e3o islodados do resto do pa\u00eds.<\/div>\n","protected":false},"excerpt":{"rendered":"<p>O Presidente da Rep\u00fablica, Filipe Nyusi, disse esta segunda-feira, em Maputo, que a prioridade do governo consiste em salvar vidas face ao ciclone IDAI que deixou um rasto de destrui\u00e7\u00f5es na regi\u00e3o centro do pa\u00eds. Segundo o Presidente da Rep\u00fablica pelo menos 84 pessoas morreram e mais de cem mil est\u00e3o em risco de vida, &hellip;<\/p>\n","protected":false},"author":1,"featured_media":0,"comment_status":"open","ping_status":"open","sticky":false,"template":"","format":"standard","meta":{"_jetpack_memberships_contains_paid_content":false,"footnotes":""},"categories":[4],"tags":[],"class_list":["post-2754","post","type-post","status-publish","format-standard","hentry","category-outras"],"jetpack_featured_media_url":"","jetpack_sharing_enabled":true,"_links":{"self":[{"href":"https:\/\/www.frelimo.org.mz\/index.php?rest_route=\/wp\/v2\/posts\/2754","targetHints":{"allow":["GET"]}}],"collection":[{"href":"https:\/\/www.frelimo.org.mz\/index.php?rest_route=\/wp\/v2\/posts"}],"about":[{"href":"https:\/\/www.frelimo.org.mz\/index.php?rest_route=\/wp\/v2\/types\/post"}],"author":[{"embeddable":true,"href":"https:\/\/www.frelimo.org.mz\/index.php?rest_route=\/wp\/v2\/users\/1"}],"replies":[{"embeddable":true,"href":"https:\/\/www.frelimo.org.mz\/index.php?rest_route=%2Fwp%2Fv2%2Fcomments&post=2754"}],"version-history":[{"count":0,"href":"https:\/\/www.frelimo.org.mz\/index.php?rest_route=\/wp\/v2\/posts\/2754\/revisions"}],"wp:attachment":[{"href":"https:\/\/www.frelimo.org.mz\/index.php?rest_route=%2Fwp%2Fv2%2Fmedia&parent=2754"}],"wp:term":[{"taxonomy":"category","embeddable":true,"href":"https:\/\/www.frelimo.org.mz\/index.php?rest_route=%2Fwp%2Fv2%2Fcategories&post=2754"},{"taxonomy":"post_tag","embeddable":true,"href":"https:\/\/www.frelimo.org.mz\/index.php?rest_route=%2Fwp%2Fv2%2Ftags&post=2754"}],"curies":[{"name":"wp","href":"https:\/\/api.w.org\/{rel}","templated":true}]}}