{"id":2751,"date":"2019-03-17T22:00:00","date_gmt":"2019-03-17T22:00:00","guid":{"rendered":"https:\/\/www.frelimo.org.mz\/?p=2751"},"modified":"2019-03-17T22:00:00","modified_gmt":"2019-03-17T22:00:00","slug":"adiada-sessao-do-comite-central-para-dar-lugar-a-assistencia-humanitaria","status":"publish","type":"post","link":"https:\/\/www.frelimo.org.mz\/?p=2751","title":{"rendered":"Adiada sess\u00e3o do Comit\u00e9 Central para dar lugar a assist\u00eancia humanit\u00e1ria"},"content":{"rendered":"<p>O Secret\u00e1rio Geral da Frelimo Roque Silva Samuel orientou nesta tarde uma confer\u00eancia de imprensa no qual destacou que o Partido tem estado a acompanhar com profunda preocupa\u00e7\u00e3o, a situa\u00e7\u00e3o de emerg\u00eancia que afecta milhares de mo\u00e7ambicanos acusada pelo ciclone IDAI que, fustigou o centro do pa\u00eds e em particular a<\/p>\n<p><!--more--><\/p>\n<p>cidade da Beira.<\/p>\n<p>Segundo o Secret\u00e1rio Geral, a comunica\u00e7\u00e3o \u00e0 Na\u00e7\u00e3o do Camarada Filipe Jacinto Nyusi, Presidente da FRELIMO e da Rep\u00fablica de Mo\u00e7ambique, na sequ\u00eancia das visitas que realizou aos locais afectados pelo desastre mostra claramente que Mo\u00e7ambique enfrenta uma verdadeira cat\u00e1strofe humanit\u00e1ria sem precedentes.<\/p>\n<p>O camarada Secret\u00e1rio Geral da Frelimo sa\u00fade a pronta interven\u00e7\u00e3o do Governo e em particular do Instituto Nacional de Gest\u00e3o das Calamidades nas opera\u00e7\u00f5es de busca e salvamento das v\u00edtimas destra grande calamidade bem como da assist\u00eancia humanit\u00e1ria. Neste momento de dor e consterna\u00e7\u00e3o, a Comiss\u00e3o Pol\u00edtica da Frelimo segundo o Camarada Secret\u00e1rio Geral endere\u00e7a em nome de todos os militantes a sua solidariedade \u00e0s v\u00edtimas desta grande calamidade e exorta a todos os mo\u00e7ambicanos a se unirem em torno do amplo movimento de ajuda humanit\u00e1ria em curso a n\u00edvel interno e externo visando mitigar o sofrimento dos nossos compatriotas.<\/p>\n<p>Posto isto, a Comiss\u00e3o Pol\u00edtica da Frelimo decidiu adiar a III Sess\u00e3o Ordin\u00e1ria do Comit\u00e9 Central do Partido marcada para os dias 22 a 24 de Mar\u00e7o corrente, para que todos nos concentremos para os esfor\u00e7os em curso de assist\u00eancia humanit\u00e1ria \u00e0s v\u00edtimas das calamidades naturais que continuam a abalar o nosso pa\u00eds. A terminar, o Camarada Secret\u00e1rio Geral desafiou a todos para uma ampla frente de solidariedade e em especial a juventude para se unir e mostrar a sua for\u00e7a e capacidade de modo a mitigarmos os efeitos das calamidades.<\/p>\n","protected":false},"excerpt":{"rendered":"<p>O Secret\u00e1rio Geral da Frelimo Roque Silva Samuel orientou nesta tarde uma confer\u00eancia de imprensa no qual destacou que o Partido tem estado a acompanhar com profunda preocupa\u00e7\u00e3o, a situa\u00e7\u00e3o de emerg\u00eancia que afecta milhares de mo\u00e7ambicanos acusada pelo ciclone IDAI que, fustigou o centro do pa\u00eds e em particular a cidade da Beira. Segundo &hellip;<\/p>\n","protected":false},"author":1,"featured_media":0,"comment_status":"open","ping_status":"open","sticky":false,"template":"","format":"standard","meta":{"_jetpack_memberships_contains_paid_content":false,"footnotes":""},"categories":[4],"tags":[],"class_list":["post-2751","post","type-post","status-publish","format-standard","hentry","category-outras"],"jetpack_featured_media_url":"","jetpack_sharing_enabled":true,"_links":{"self":[{"href":"https:\/\/www.frelimo.org.mz\/index.php?rest_route=\/wp\/v2\/posts\/2751","targetHints":{"allow":["GET"]}}],"collection":[{"href":"https:\/\/www.frelimo.org.mz\/index.php?rest_route=\/wp\/v2\/posts"}],"about":[{"href":"https:\/\/www.frelimo.org.mz\/index.php?rest_route=\/wp\/v2\/types\/post"}],"author":[{"embeddable":true,"href":"https:\/\/www.frelimo.org.mz\/index.php?rest_route=\/wp\/v2\/users\/1"}],"replies":[{"embeddable":true,"href":"https:\/\/www.frelimo.org.mz\/index.php?rest_route=%2Fwp%2Fv2%2Fcomments&post=2751"}],"version-history":[{"count":0,"href":"https:\/\/www.frelimo.org.mz\/index.php?rest_route=\/wp\/v2\/posts\/2751\/revisions"}],"wp:attachment":[{"href":"https:\/\/www.frelimo.org.mz\/index.php?rest_route=%2Fwp%2Fv2%2Fmedia&parent=2751"}],"wp:term":[{"taxonomy":"category","embeddable":true,"href":"https:\/\/www.frelimo.org.mz\/index.php?rest_route=%2Fwp%2Fv2%2Fcategories&post=2751"},{"taxonomy":"post_tag","embeddable":true,"href":"https:\/\/www.frelimo.org.mz\/index.php?rest_route=%2Fwp%2Fv2%2Ftags&post=2751"}],"curies":[{"name":"wp","href":"https:\/\/api.w.org\/{rel}","templated":true}]}}