{"id":2743,"date":"2019-03-15T07:57:42","date_gmt":"2019-03-15T07:57:42","guid":{"rendered":"https:\/\/www.frelimo.org.mz\/?p=2743"},"modified":"2019-03-15T07:57:42","modified_gmt":"2019-03-15T07:57:42","slug":"pr-visita-reino-de-eswatini","status":"publish","type":"post","link":"https:\/\/www.frelimo.org.mz\/?p=2743","title":{"rendered":"PR visita reino de Eswatini"},"content":{"rendered":"<div class=\"itemIntroText\" style=\"color: #111111; font-family: 'Titillium Web'; font-size: 14px; background-color: #f6f6f6;\">\n<p style=\"margin: 0px 0px 10px;\">O Presidente da Rep\u00fablica, Filipe Nyusi, inicia esta sexta-feira uma visita de Estado de quatro dias ao Reino de Eswatini, em resposta ao convite de Mswati III, Rei de Eswatini.<\/p>\n<\/div>\n<div class=\"itemFullText\" style=\"color: #111111; font-family: 'Titillium Web'; font-size: 14px; background-color: #f6f6f6;\">\n<p style=\"margin: 0px 0px 10px;\">A visita do Chefe do Estado mo\u00e7ambicano inscreve-se no quadro da consolida\u00e7\u00e3o e aprofundamento das rela\u00e7\u00f5es de amizade, solidariedade e<\/p>\n<p><!--more--><\/p>\n<p style=\"margin: 0px 0px 10px;\">coopera\u00e7\u00e3o existentes entre os dois pa\u00edses nos dom\u00ednios bilateral e internacional.Um comunicado recebido na nossa redac\u00e7\u00e3o refere que, no Reino de Eswatini, o Presidente Nyusi vai manter encontros com Sua Majestade Mswati III, a comunidade mo\u00e7ambicana residente naquele pa\u00eds, proceder a abertura do F\u00f3rum empresarial Mo\u00e7ambique-Eswatini, bem como visitas a empreendimentos de interesse econ\u00f3mico e social. Nesta desloca\u00e7\u00e3o, o Chefe do Estado mo\u00e7ambicano faz-se acompanhar pelos ministros dos Neg\u00f3cios Estrangeiros e Coopera\u00e7\u00e3o, Jos\u00e9 Pacheco; dos Transportes e Comunica\u00e7\u00f5es, Carlos Mesquita; Vice-Ministros dos Recursos Minerais e Energia, Augusto Fernando; das Obras P\u00fablicas, Habita\u00e7\u00e3o e Recursos H\u00eddricos, Victor Tauacale; do Alto-Comiss\u00e1rio da Rep\u00fablica de Mo\u00e7ambique junto do Reino de Eswatini, Lu\u00eds Adelino da Silva; deputados da Assembleia da Rep\u00fablica; quadros da Presid\u00eancia da Rep\u00fablica e de outras institui\u00e7\u00f5es do Estado, bem como uma delega\u00e7\u00e3o empresarial.&nbsp;<\/p>\n<\/div>\n","protected":false},"excerpt":{"rendered":"<p>O Presidente da Rep\u00fablica, Filipe Nyusi, inicia esta sexta-feira uma visita de Estado de quatro dias ao Reino de Eswatini, em resposta ao convite de Mswati III, Rei de Eswatini. A visita do Chefe do Estado mo\u00e7ambicano inscreve-se no quadro da consolida\u00e7\u00e3o e aprofundamento das rela\u00e7\u00f5es de amizade, solidariedade e coopera\u00e7\u00e3o existentes entre os dois &hellip;<\/p>\n","protected":false},"author":1,"featured_media":0,"comment_status":"open","ping_status":"open","sticky":false,"template":"","format":"standard","meta":{"_jetpack_memberships_contains_paid_content":false,"footnotes":""},"categories":[4],"tags":[],"class_list":["post-2743","post","type-post","status-publish","format-standard","hentry","category-outras"],"jetpack_featured_media_url":"","jetpack_sharing_enabled":true,"_links":{"self":[{"href":"https:\/\/www.frelimo.org.mz\/index.php?rest_route=\/wp\/v2\/posts\/2743","targetHints":{"allow":["GET"]}}],"collection":[{"href":"https:\/\/www.frelimo.org.mz\/index.php?rest_route=\/wp\/v2\/posts"}],"about":[{"href":"https:\/\/www.frelimo.org.mz\/index.php?rest_route=\/wp\/v2\/types\/post"}],"author":[{"embeddable":true,"href":"https:\/\/www.frelimo.org.mz\/index.php?rest_route=\/wp\/v2\/users\/1"}],"replies":[{"embeddable":true,"href":"https:\/\/www.frelimo.org.mz\/index.php?rest_route=%2Fwp%2Fv2%2Fcomments&post=2743"}],"version-history":[{"count":0,"href":"https:\/\/www.frelimo.org.mz\/index.php?rest_route=\/wp\/v2\/posts\/2743\/revisions"}],"wp:attachment":[{"href":"https:\/\/www.frelimo.org.mz\/index.php?rest_route=%2Fwp%2Fv2%2Fmedia&parent=2743"}],"wp:term":[{"taxonomy":"category","embeddable":true,"href":"https:\/\/www.frelimo.org.mz\/index.php?rest_route=%2Fwp%2Fv2%2Fcategories&post=2743"},{"taxonomy":"post_tag","embeddable":true,"href":"https:\/\/www.frelimo.org.mz\/index.php?rest_route=%2Fwp%2Fv2%2Ftags&post=2743"}],"curies":[{"name":"wp","href":"https:\/\/api.w.org\/{rel}","templated":true}]}}