{"id":2711,"date":"2018-12-31T09:18:25","date_gmt":"2018-12-31T09:18:25","guid":{"rendered":"https:\/\/www.frelimo.org.mz\/?p=2711"},"modified":"2018-12-31T09:18:25","modified_gmt":"2018-12-31T09:18:25","slug":"mensagem-da-frelimo-por-ocasiao-do-fim-do-ano-de-2018","status":"publish","type":"post","link":"https:\/\/www.frelimo.org.mz\/?p=2711","title":{"rendered":"MENSAGEM DA FRELIMO POR OCASI\u00c3O DO FIM DO ANO DE 2018"},"content":{"rendered":"<p style=\"line-height: 1.2; margin-top: 0pt; margin-bottom: 0pt; text-align: center;\" dir=\"ltr\"><span style=\"font-size: 16pt; font-family: 'Times New Roman'; background-color: transparent; font-weight: bold; vertical-align: baseline; white-space: pre-wrap;\">&nbsp;<\/span><\/p>\n<p style=\"line-height: 1.2; margin-top: 0pt; margin-bottom: 0pt; text-align: justify;\" dir=\"ltr\"><span style=\"font-size: 16pt; font-family: 'Times New Roman'; background-color: transparent; font-weight: bold; vertical-align: baseline; white-space: pre-wrap;\">Mo\u00e7ambicanas,<\/span><\/p>\n<p style=\"line-height: 1.2; margin-top: 0pt; margin-bottom: 0pt; text-align: justify;\" dir=\"ltr\"><span style=\"font-size: 16pt; font-family: 'Times New Roman'; background-color: transparent; font-weight: bold; vertical-align: baseline; white-space: pre-wrap;\"> Mo\u00e7ambicanos <\/span><\/p>\n<p>&nbsp;<\/p>\n<p style=\"line-height: 1.2; margin-top: 0pt; margin-bottom: 0pt; text-align: justify;\" dir=\"ltr\"><span style=\"font-size: 16pt; font-family: 'Times New Roman'; background-color: transparent; vertical-align: baseline; white-space: pre-wrap;\">Estamos a caminhar para o fim do ano de 2018.<\/span><\/p>\n<p>&nbsp;<\/p>\n<p style=\"line-height: 1.2; margin-top: 0pt; margin-bottom: 0pt; text-align: justify;\" dir=\"ltr\"><span style=\"font-size: 16pt; font-family: 'Times New Roman'; background-color: transparent; vertical-align: baseline; white-space: pre-wrap;\">A FRELIMO sa\u00fada os mo\u00e7ambicanos pela sua entrega nas actividades marcantes que<\/span><\/p>\n<p><!--more--><\/p>\n<p style=\"line-height: 1.2; margin-top: 0pt; margin-bottom: 0pt; text-align: justify;\" dir=\"ltr\"><span style=\"font-size: 16pt; font-family: 'Times New Roman'; background-color: transparent; vertical-align: baseline; white-space: pre-wrap;\">alavancaram, em larga medida, o desenvolvimento deste nosso Mo\u00e7ambique.<\/span><\/p>\n<p>&nbsp;<\/p>\n<p style=\"line-height: 1.2; margin-top: 0pt; margin-bottom: 0pt; text-align: justify;\" dir=\"ltr\"><span style=\"font-size: 16pt; font-family: 'Times New Roman'; background-color: transparent; vertical-align: baseline; white-space: pre-wrap;\">Neste sentido, constituem grandes realiza\u00e7\u00f5es os esfor\u00e7os para resgatar a Paz efectiva no Pa\u00eds, a realiza\u00e7\u00e3o, com sucesso, das elei\u00e7\u00f5es aut\u00e1rquicas, a constru\u00e7\u00e3o de grandes empreendimentos econ\u00f3mico-sociais, entre outras.<\/span><\/p>\n<p>&nbsp;<\/p>\n<p style=\"line-height: 1.2; margin-top: 0pt; margin-bottom: 0pt; text-align: justify;\" dir=\"ltr\"><span style=\"font-size: 16pt; font-family: 'Times New Roman'; background-color: transparent; vertical-align: baseline; white-space: pre-wrap;\">No entanto, ainda grandes desafios se nos esperam, como exemplo se destacam, a necessidade de estancar a crise econ\u00f3mica que ainda afecta o nosso Pa\u00eds.<\/span><\/p>\n<p>&nbsp;<\/p>\n<p style=\"line-height: 1.2; margin-top: 0pt; margin-bottom: 0pt; text-align: justify;\" dir=\"ltr\"><span style=\"font-size: 16pt; font-family: 'Times New Roman'; background-color: transparent; vertical-align: baseline; white-space: pre-wrap;\">A FRELIMO encoraja a todos os mo\u00e7ambicanos a continuarem a usar os seus talentos e intelig\u00eancia para que Mo\u00e7ambique continue a ser refer\u00eancia, no concerto das na\u00e7\u00f5es.<\/span><\/p>\n<p>&nbsp;<\/p>\n<p style=\"line-height: 1.2; margin-top: 0pt; margin-bottom: 0pt; text-align: justify;\" dir=\"ltr\"><span style=\"font-size: 16pt; font-family: 'Times New Roman'; background-color: transparent; vertical-align: baseline; white-space: pre-wrap;\">A FRELIMO faz votos para que o ano de 2019 seja de prosperidade do Pa\u00eds e de cada mo\u00e7ambicano.<\/span><\/p>\n<p>&nbsp;<\/p>\n<p style=\"line-height: 1.2; margin-top: 0pt; margin-bottom: 0pt; text-align: justify;\" dir=\"ltr\"><span style=\"font-size: 16pt; font-family: 'Times New Roman'; background-color: transparent; vertical-align: baseline; white-space: pre-wrap;\">A FRELIMO exorta a todos os compatriotas para colaborarem de modo a que a passagem do ano seja segura, tranquila e repleta de felicidade.<\/span><\/p>\n<p>&nbsp;<\/p>\n<p style=\"line-height: 1.2; margin-top: 0pt; margin-bottom: 0pt; text-align: justify;\" dir=\"ltr\"><span style=\"font-size: 16pt; font-family: 'Times New Roman'; background-color: transparent; vertical-align: baseline; white-space: pre-wrap;\">A FRELIMO deseja a todos os mo\u00e7ambicanos boas entradas ao ano de 2019.<\/span><\/p>\n<p style=\"line-height: 1.2; margin-top: 0pt; margin-bottom: 0pt; text-align: center;\" dir=\"ltr\"><span style=\"font-size: 16pt; font-family: 'Times New Roman'; background-color: transparent; font-weight: bold; vertical-align: baseline; white-space: pre-wrap;\">UNIDADE<\/span><\/p>\n<p style=\"line-height: 1.2; margin-top: 0pt; margin-bottom: 0pt; text-align: center;\" dir=\"ltr\"><span style=\"font-size: 16pt; font-family: 'Times New Roman'; background-color: transparent; font-weight: bold; vertical-align: baseline; white-space: pre-wrap;\">PAZ E DESENVOLVIMENTO<\/span><\/p>\n<p style=\"line-height: 1.2; margin-top: 0pt; margin-bottom: 0pt; text-align: center;\" dir=\"ltr\"><span style=\"font-size: 16pt; font-family: 'Times New Roman'; background-color: transparent; font-weight: bold; vertical-align: baseline; white-space: pre-wrap;\">FRELIMO, A FOR\u00c7A DA MUDAN\u00c7A!<\/span><\/p>\n<p style=\"line-height: 1.2; margin-top: 0pt; margin-bottom: 0pt; text-align: center;\" dir=\"ltr\"><span style=\"font-size: 16pt; font-family: 'Times New Roman'; background-color: transparent; vertical-align: baseline; white-space: pre-wrap;\">Maputo, aos 29 de Dezembro de 2018<\/span><\/p>\n<p><span style=\"font-size: 16pt; font-family: 'Times New Roman'; background-color: transparent; vertical-align: baseline; white-space: pre-wrap;\">&nbsp;<\/span><\/p>\n","protected":false},"excerpt":{"rendered":"<p>&nbsp; Mo\u00e7ambicanas, Mo\u00e7ambicanos &nbsp; Estamos a caminhar para o fim do ano de 2018. &nbsp; A FRELIMO sa\u00fada os mo\u00e7ambicanos pela sua entrega nas actividades marcantes que alavancaram, em larga medida, o desenvolvimento deste nosso Mo\u00e7ambique. &nbsp; Neste sentido, constituem grandes realiza\u00e7\u00f5es os esfor\u00e7os para resgatar a Paz efectiva no Pa\u00eds, a realiza\u00e7\u00e3o, com sucesso, &hellip;<\/p>\n","protected":false},"author":1,"featured_media":0,"comment_status":"open","ping_status":"open","sticky":false,"template":"","format":"standard","meta":{"_jetpack_memberships_contains_paid_content":false,"footnotes":""},"categories":[4],"tags":[],"class_list":["post-2711","post","type-post","status-publish","format-standard","hentry","category-outras"],"jetpack_featured_media_url":"","jetpack_sharing_enabled":true,"_links":{"self":[{"href":"https:\/\/www.frelimo.org.mz\/index.php?rest_route=\/wp\/v2\/posts\/2711","targetHints":{"allow":["GET"]}}],"collection":[{"href":"https:\/\/www.frelimo.org.mz\/index.php?rest_route=\/wp\/v2\/posts"}],"about":[{"href":"https:\/\/www.frelimo.org.mz\/index.php?rest_route=\/wp\/v2\/types\/post"}],"author":[{"embeddable":true,"href":"https:\/\/www.frelimo.org.mz\/index.php?rest_route=\/wp\/v2\/users\/1"}],"replies":[{"embeddable":true,"href":"https:\/\/www.frelimo.org.mz\/index.php?rest_route=%2Fwp%2Fv2%2Fcomments&post=2711"}],"version-history":[{"count":0,"href":"https:\/\/www.frelimo.org.mz\/index.php?rest_route=\/wp\/v2\/posts\/2711\/revisions"}],"wp:attachment":[{"href":"https:\/\/www.frelimo.org.mz\/index.php?rest_route=%2Fwp%2Fv2%2Fmedia&parent=2711"}],"wp:term":[{"taxonomy":"category","embeddable":true,"href":"https:\/\/www.frelimo.org.mz\/index.php?rest_route=%2Fwp%2Fv2%2Fcategories&post=2711"},{"taxonomy":"post_tag","embeddable":true,"href":"https:\/\/www.frelimo.org.mz\/index.php?rest_route=%2Fwp%2Fv2%2Ftags&post=2711"}],"curies":[{"name":"wp","href":"https:\/\/api.w.org\/{rel}","templated":true}]}}