{"id":2662,"date":"2018-10-06T22:00:00","date_gmt":"2018-10-06T22:00:00","guid":{"rendered":"https:\/\/www.frelimo.org.mz\/?p=2662"},"modified":"2018-10-06T22:00:00","modified_gmt":"2018-10-06T22:00:00","slug":"frelimo-encerra-campanha-com-grande-desfile-no-municipio-de-nampula","status":"publish","type":"post","link":"https:\/\/www.frelimo.org.mz\/?p=2662","title":{"rendered":"FRELIMO encerra campanha com grande desfile no Munic\u00edpio de Nampula"},"content":{"rendered":"<p style=\"margin: 0cm 0cm 0.0001pt; color: #222222; text-align: justify; line-height: normal; font-size: 11pt; font-family: Calibri, sans-serif;\"><span style=\"font-size: 12pt; font-family: Arial, sans-serif;\">Namicopo, o mais extenso e populoso bairro da cidade de Nampula, foi o local escolhido pelo Partido FRELIMO, para encerrar a sua campanha eleitoral, com vista as elei\u00e7\u00f5es aut\u00e1rquica de 10 de Outubro corrente.<\/span><\/p>\n<p><!--more--><\/p>\n<p style=\"margin: 0cm 0cm 0.0001pt; color: #222222; text-align: justify; line-height: normal; font-size: 11pt; font-family: Calibri, sans-serif;\"><span style=\"font-size: 12pt; font-family: Arial, sans-serif;\"><\/span><\/p>\n<p style=\"margin: 0cm 0cm 0.0001pt; color: #222222; text-align: justify; line-height: normal; font-size: 11pt; font-family: Calibri, sans-serif;\"><span style=\"font-size: 12pt; font-family: Arial, sans-serif;\">Amisse Cololo Ant\u00f3nio, que lidera a lista da FRELIMO nesta corrida eleitoral aut\u00e1rquico,disse perante a centenas de eleitores, entre militantes, simpatizantes do Partido e mun\u00edcipes em geral que, em caravanas, dirigiram-se \u00e0quele bairro, que caso seja eleito, vai recuperar a frota normal dos transportes p\u00fablicos de passageiros e alargar o seu hor\u00e1rio de circula\u00e7\u00e3o, por forma a abarcar os estudantes do per\u00edodo nocturno.<\/span><\/p>\n<p style=\"margin: 0cm 0cm 0.0001pt; color: #222222; text-align: justify; line-height: normal; font-size: 11pt; font-family: Calibri, sans-serif;\"><span style=\"font-size: 12pt; font-family: Arial, sans-serif;\">Na ocasi\u00e3o Cololo voltou a apelar a vigil\u00e2ncia de todos contra todas as de criar um ambiente de desordem e viol\u00eancia ao longo de todo este processo.<\/span><\/p>\n<p style=\"margin: 0cm 0cm 0.0001pt; color: #222222; text-align: justify; line-height: normal; font-size: 11pt; font-family: Calibri, sans-serif;\"><span style=\"font-size: 12pt; font-family: Arial, sans-serif;\">&#8220;A pol\u00edcia est\u00e1 em prontid\u00e3o para neutralizar os agressores ou outros grupos de que queiram instalar viol\u00eancia no seio da conviv\u00eancia pac\u00edfica e harmoniosa dos mun\u00edcipes. Queremos que este processo de corra de forma ordeira para que no dia 11 de Outubro possamos festejar os resultados alcan\u00e7ados nas mesas das assembleias de voto&#8221;, disse o Cabe\u00e7a de Lista da FRELIMO na autarquia de Nampula, acrescentando que a FRELIMO \u00e9 e sempre ser\u00e1 pela paz, em todo o territ\u00f3rio nacional.<\/span><\/p>\n<p style=\"margin: 0cm 0cm 0.0001pt; color: #222222; text-align: justify; line-height: normal; font-size: 11pt; font-family: Calibri, sans-serif;\"><span style=\"font-size: 12pt; font-family: Arial, sans-serif;\">Para encerrar em grande, a FRELIMO juntou milhares de militantes e simpatizantes e popula\u00e7\u00e3o em geral numa caravana que percorreu v\u00e1rias art\u00e9rias da autarquia, numa manifesta\u00e7\u00e3o de satisfa\u00e7\u00e3o pela forma como decorreu o processo da campanha eleitoral.<\/span><\/p>\n","protected":false},"excerpt":{"rendered":"<p>Namicopo, o mais extenso e populoso bairro da cidade de Nampula, foi o local escolhido pelo Partido FRELIMO, para encerrar a sua campanha eleitoral, com vista as elei\u00e7\u00f5es aut\u00e1rquica de 10 de Outubro corrente. Amisse Cololo Ant\u00f3nio, que lidera a lista da FRELIMO nesta corrida eleitoral aut\u00e1rquico,disse perante a centenas de eleitores, entre militantes, simpatizantes &hellip;<\/p>\n","protected":false},"author":1,"featured_media":0,"comment_status":"open","ping_status":"open","sticky":false,"template":"","format":"standard","meta":{"_jetpack_memberships_contains_paid_content":false,"footnotes":""},"categories":[4],"tags":[],"class_list":["post-2662","post","type-post","status-publish","format-standard","hentry","category-outras"],"jetpack_featured_media_url":"","jetpack_sharing_enabled":true,"_links":{"self":[{"href":"https:\/\/www.frelimo.org.mz\/index.php?rest_route=\/wp\/v2\/posts\/2662","targetHints":{"allow":["GET"]}}],"collection":[{"href":"https:\/\/www.frelimo.org.mz\/index.php?rest_route=\/wp\/v2\/posts"}],"about":[{"href":"https:\/\/www.frelimo.org.mz\/index.php?rest_route=\/wp\/v2\/types\/post"}],"author":[{"embeddable":true,"href":"https:\/\/www.frelimo.org.mz\/index.php?rest_route=\/wp\/v2\/users\/1"}],"replies":[{"embeddable":true,"href":"https:\/\/www.frelimo.org.mz\/index.php?rest_route=%2Fwp%2Fv2%2Fcomments&post=2662"}],"version-history":[{"count":0,"href":"https:\/\/www.frelimo.org.mz\/index.php?rest_route=\/wp\/v2\/posts\/2662\/revisions"}],"wp:attachment":[{"href":"https:\/\/www.frelimo.org.mz\/index.php?rest_route=%2Fwp%2Fv2%2Fmedia&parent=2662"}],"wp:term":[{"taxonomy":"category","embeddable":true,"href":"https:\/\/www.frelimo.org.mz\/index.php?rest_route=%2Fwp%2Fv2%2Fcategories&post=2662"},{"taxonomy":"post_tag","embeddable":true,"href":"https:\/\/www.frelimo.org.mz\/index.php?rest_route=%2Fwp%2Fv2%2Ftags&post=2662"}],"curies":[{"name":"wp","href":"https:\/\/api.w.org\/{rel}","templated":true}]}}