{"id":2651,"date":"2018-09-27T19:35:55","date_gmt":"2018-09-27T19:35:55","guid":{"rendered":"https:\/\/www.frelimo.org.mz\/?p=2651"},"modified":"2018-09-27T19:35:55","modified_gmt":"2018-09-27T19:35:55","slug":"medy-jeremias-garante-que-a-frelimo-vai-continuar-construindo-unidades-sanitarias","status":"publish","type":"post","link":"https:\/\/www.frelimo.org.mz\/?p=2651","title":{"rendered":"MEDY JEREMIAS GARANTE QUE A FRELIMO VAI  CONTINUAR CONSTRUINDO UNIDADES SANIT\u00c1RIAS"},"content":{"rendered":"<p>A cabe\u00e7a de lista da FRELIMO para o conselho aut\u00e1rquico da Vila da Massinga Medy Jeremias disse que o seu partido vai continuar a construir mais escolas, centros de sa\u00fade e vias de acesso.<\/p>\n<p><!--more--><\/p>\n<p>&nbsp;<\/p>\n<p>Medy falava na tarde desta quinta-feira, no encontro com lideres comunit\u00e1rios, chefes das 10 casas, 60 casas e lideres influentes da \u00e1rea municipal orientado pelo Membro do Comit\u00ea Central e Chefe Adjunto do Gabinete Provincial de Prepara\u00e7\u00e3o de Elei\u00e7\u00f5es que pediu aos dirigentes para mobilizar maior n\u00famero de mun\u00edcipes a votar no partido FRELIMO no dia 10 de Outubro.<\/p>\n<p>Participou ainda do encontro com l\u00edderes, uma figura proeminente na lideran\u00e7a tradicional da prov\u00edncia de Inhambane o l\u00edder Eduardo Mussanhane que refor\u00e7ou a campanha nesta autarquia, lan\u00e7ando mensagens de apelo a maior vigil\u00e2ncia e coes\u00e3o interna.<\/p>\n","protected":false},"excerpt":{"rendered":"<p>A cabe\u00e7a de lista da FRELIMO para o conselho aut\u00e1rquico da Vila da Massinga Medy Jeremias disse que o seu partido vai continuar a construir mais escolas, centros de sa\u00fade e vias de acesso. &nbsp; Medy falava na tarde desta quinta-feira, no encontro com lideres comunit\u00e1rios, chefes das 10 casas, 60 casas e lideres influentes &hellip;<\/p>\n","protected":false},"author":1,"featured_media":0,"comment_status":"open","ping_status":"open","sticky":false,"template":"","format":"standard","meta":{"_jetpack_memberships_contains_paid_content":false,"footnotes":""},"categories":[4],"tags":[],"class_list":["post-2651","post","type-post","status-publish","format-standard","hentry","category-outras"],"jetpack_featured_media_url":"","jetpack_sharing_enabled":true,"_links":{"self":[{"href":"https:\/\/www.frelimo.org.mz\/index.php?rest_route=\/wp\/v2\/posts\/2651","targetHints":{"allow":["GET"]}}],"collection":[{"href":"https:\/\/www.frelimo.org.mz\/index.php?rest_route=\/wp\/v2\/posts"}],"about":[{"href":"https:\/\/www.frelimo.org.mz\/index.php?rest_route=\/wp\/v2\/types\/post"}],"author":[{"embeddable":true,"href":"https:\/\/www.frelimo.org.mz\/index.php?rest_route=\/wp\/v2\/users\/1"}],"replies":[{"embeddable":true,"href":"https:\/\/www.frelimo.org.mz\/index.php?rest_route=%2Fwp%2Fv2%2Fcomments&post=2651"}],"version-history":[{"count":0,"href":"https:\/\/www.frelimo.org.mz\/index.php?rest_route=\/wp\/v2\/posts\/2651\/revisions"}],"wp:attachment":[{"href":"https:\/\/www.frelimo.org.mz\/index.php?rest_route=%2Fwp%2Fv2%2Fmedia&parent=2651"}],"wp:term":[{"taxonomy":"category","embeddable":true,"href":"https:\/\/www.frelimo.org.mz\/index.php?rest_route=%2Fwp%2Fv2%2Fcategories&post=2651"},{"taxonomy":"post_tag","embeddable":true,"href":"https:\/\/www.frelimo.org.mz\/index.php?rest_route=%2Fwp%2Fv2%2Ftags&post=2651"}],"curies":[{"name":"wp","href":"https:\/\/api.w.org\/{rel}","templated":true}]}}