{"id":2626,"date":"2018-09-18T03:45:06","date_gmt":"2018-09-18T03:45:06","guid":{"rendered":"https:\/\/www.frelimo.org.mz\/?p=2626"},"modified":"2018-09-18T03:45:06","modified_gmt":"2018-09-18T03:45:06","slug":"minha-visita-a-provincia-de-nampula","status":"publish","type":"post","link":"https:\/\/www.frelimo.org.mz\/?p=2626","title":{"rendered":"Minha visita a prov\u00edncia de Nampula"},"content":{"rendered":"<p style=\"margin: 0px 0px 6px; font-family: Helvetica, Arial, sans-serif; color: #1d2129; font-size: 14px;\">No prosseguimento da minha visita a prov\u00edncia de Nampula, ontem, domingo, inaugurei, na cidade capital provincial o armaz\u00e9m Regional de medicamentos, uma infra-estrutura importante para a conserva\u00e7\u00e3o e gest\u00e3o dos nossos f\u00e1rmacos.<\/p>\n<p style=\"margin: 6px 0px; font-family: Helvetica, Arial, sans-serif; color: #1d2129; font-size: 14px;\">De seguida, escalei o distrito de Monapo, onde procedi a entrega de 90 mil carteiras para serem distribu\u00eddas por v\u00e1rias escolas da prov\u00edncia, o que nos coloca perto, do nosso objectivo de tirar as crian\u00e7as do ch\u00e3o.<\/p>\n<p style=\"margin: 6px 0px; font-family: Helvetica, Arial, sans-serif; color: #1d2129; font-size: 14px;\">Hoje, segunda-feira, vamos todos co<span class=\"text_exposed_show\" style=\"display: inline; font-family: inherit;\">memorar os 200 anos da Ilha de Mo\u00e7ambique.<\/span><\/p>\n<div class=\"text_exposed_show\" style=\"display: inline; font-family: Helvetica, Arial, sans-serif; color: #1d2129; font-size: 14px;\">\n<p style=\"margin: 0px 0px 6px; font-family: inherit;\">Boa semana!<\/p>\n<p style=\"margin: 0px 0px 6px; font-family: inherit;\"><img loading=\"lazy\" decoding=\"async\" class=\" size-full wp-image-2625\" src=\"https:\/\/www.frelimo.org.mz\/\/wp-content\/uploads\/2018\/09\/f15bdb07-3245-4886-a86e-7c92fd57179d.jpg\" alt=\"f15bdb07-3245-4886-a86e-7c92fd57179d\" width=\"1280\" height=\"853\" \/><\/p>\n<\/div>\n","protected":false},"excerpt":{"rendered":"<p>No prosseguimento da minha visita a prov\u00edncia de Nampula, ontem, domingo, inaugurei, na cidade capital provincial o armaz\u00e9m Regional de medicamentos, uma infra-estrutura importante para a conserva\u00e7\u00e3o e gest\u00e3o dos nossos f\u00e1rmacos. De seguida, escalei o distrito de Monapo, onde procedi a entrega de 90 mil carteiras para serem distribu\u00eddas por v\u00e1rias escolas da prov\u00edncia, &hellip;<\/p>\n","protected":false},"author":1,"featured_media":2625,"comment_status":"open","ping_status":"open","sticky":false,"template":"","format":"standard","meta":{"_jetpack_memberships_contains_paid_content":false,"footnotes":""},"categories":[4],"tags":[],"class_list":["post-2626","post","type-post","status-publish","format-standard","has-post-thumbnail","hentry","category-outras"],"jetpack_featured_media_url":"https:\/\/www.frelimo.org.mz\/wp-content\/uploads\/2018\/09\/f15bdb07-3245-4886-a86e-7c92fd57179d.jpg","jetpack_sharing_enabled":true,"_links":{"self":[{"href":"https:\/\/www.frelimo.org.mz\/index.php?rest_route=\/wp\/v2\/posts\/2626","targetHints":{"allow":["GET"]}}],"collection":[{"href":"https:\/\/www.frelimo.org.mz\/index.php?rest_route=\/wp\/v2\/posts"}],"about":[{"href":"https:\/\/www.frelimo.org.mz\/index.php?rest_route=\/wp\/v2\/types\/post"}],"author":[{"embeddable":true,"href":"https:\/\/www.frelimo.org.mz\/index.php?rest_route=\/wp\/v2\/users\/1"}],"replies":[{"embeddable":true,"href":"https:\/\/www.frelimo.org.mz\/index.php?rest_route=%2Fwp%2Fv2%2Fcomments&post=2626"}],"version-history":[{"count":0,"href":"https:\/\/www.frelimo.org.mz\/index.php?rest_route=\/wp\/v2\/posts\/2626\/revisions"}],"wp:featuredmedia":[{"embeddable":true,"href":"https:\/\/www.frelimo.org.mz\/index.php?rest_route=\/wp\/v2\/media\/2625"}],"wp:attachment":[{"href":"https:\/\/www.frelimo.org.mz\/index.php?rest_route=%2Fwp%2Fv2%2Fmedia&parent=2626"}],"wp:term":[{"taxonomy":"category","embeddable":true,"href":"https:\/\/www.frelimo.org.mz\/index.php?rest_route=%2Fwp%2Fv2%2Fcategories&post=2626"},{"taxonomy":"post_tag","embeddable":true,"href":"https:\/\/www.frelimo.org.mz\/index.php?rest_route=%2Fwp%2Fv2%2Ftags&post=2626"}],"curies":[{"name":"wp","href":"https:\/\/api.w.org\/{rel}","templated":true}]}}