{"id":2621,"date":"2018-09-11T22:00:00","date_gmt":"2018-09-11T22:00:00","guid":{"rendered":"https:\/\/www.frelimo.org.mz\/?p=2621"},"modified":"2018-09-11T22:00:00","modified_gmt":"2018-09-11T22:00:00","slug":"secretario-geral-da-frelimo-visita-provincia-de-maputo","status":"publish","type":"post","link":"https:\/\/www.frelimo.org.mz\/?p=2621","title":{"rendered":"SECRET\u00c1RIO GERAL DA FRELIMO VISITA PROV\u00cdNCIA DE MAPUTO"},"content":{"rendered":"<p style=\"margin: 6px 0px; font-family: Helvetica, Arial, sans-serif; color: #1d2129; font-size: 14px;\">O Secret\u00e1rio Geral da FRELIMO, *Roque Silva Samuel*, disse na manh\u00e3 desta Quarta-Feira que, no esp\u00edrito de que a vit\u00f3ria prepara-se, a vit\u00f3ria organiza-se, a FRELIMO est\u00e1 determinada na mobiliza\u00e7\u00e3o dos membros, simpatizantes e da popula\u00e7\u00e3o rumo a vit\u00f3ria nas Elei\u00e7\u00f5es de 10 de Outubro de 2018.<\/p>\n<p style=\"margin: 6px 0px; font-family: Helvetica, Arial, sans-serif; color: #1d2129; font-size: 14px;\">*Roque Silva Samuel*, Secretario Geral da FRELIMO, que falava aos membros e simpatizantes da FRELIMO, em Manhi\u00e7a, no quadro da visi<span class=\"text_exposed_show\" style=\"display: inline; font-family: inherit;\">ta que efectua \u00e0 Prov\u00edncia de Maputo, explicou que a visita de trabalho tem em vista compreender como \u00e9 que os camaradas e \u00f3rg\u00e3os do Partido est\u00e3o organizados para responder aos desafios eleitorais que se avizinham e desta forma continuar com o seu compromisso de resolver os problemas dos Mo\u00e7ambicanos.<\/span><\/p>\n<div class=\"text_exposed_show\" style=\"display: inline; font-family: Helvetica, Arial, sans-serif; color: #1d2129; font-size: 14px;\">\n<p style=\"margin: 0px 0px 6px; font-family: inherit;\">Roque Silva Samuel afirmou que a FRELIMO pretende continuar a dar respostas aos desafios dos Munic\u00edpios, desiderato que s\u00f3 ser\u00e1 poss\u00edvel se a popula\u00e7\u00e3o da Prov\u00edncia de Maputo continuar, como sempre, a confiar na FRELIMO.<\/p>\n<p style=\"margin: 6px 0px; font-family: inherit;\">Num outro desenvolvimento, o Secret\u00e1rio Geral da FRELIMO encorajou os Mo\u00e7ambicanos a continuarem a defender as conquistas da nossa Independ\u00eancia e os ideiais do Presidente *FILIPE JACINTO NYUSI*, a Paz, a Uni\u00e3o, Coes\u00e3o e Desenvolvimento<\/p>\n<\/div>\n","protected":false},"excerpt":{"rendered":"<p>O Secret\u00e1rio Geral da FRELIMO, *Roque Silva Samuel*, disse na manh\u00e3 desta Quarta-Feira que, no esp\u00edrito de que a vit\u00f3ria prepara-se, a vit\u00f3ria organiza-se, a FRELIMO est\u00e1 determinada na mobiliza\u00e7\u00e3o dos membros, simpatizantes e da popula\u00e7\u00e3o rumo a vit\u00f3ria nas Elei\u00e7\u00f5es de 10 de Outubro de 2018. *Roque Silva Samuel*, Secretario Geral da FRELIMO, que &hellip;<\/p>\n","protected":false},"author":1,"featured_media":0,"comment_status":"open","ping_status":"open","sticky":false,"template":"","format":"standard","meta":{"_jetpack_memberships_contains_paid_content":false,"footnotes":""},"categories":[4],"tags":[],"class_list":["post-2621","post","type-post","status-publish","format-standard","hentry","category-outras"],"jetpack_featured_media_url":"","jetpack_sharing_enabled":true,"_links":{"self":[{"href":"https:\/\/www.frelimo.org.mz\/index.php?rest_route=\/wp\/v2\/posts\/2621","targetHints":{"allow":["GET"]}}],"collection":[{"href":"https:\/\/www.frelimo.org.mz\/index.php?rest_route=\/wp\/v2\/posts"}],"about":[{"href":"https:\/\/www.frelimo.org.mz\/index.php?rest_route=\/wp\/v2\/types\/post"}],"author":[{"embeddable":true,"href":"https:\/\/www.frelimo.org.mz\/index.php?rest_route=\/wp\/v2\/users\/1"}],"replies":[{"embeddable":true,"href":"https:\/\/www.frelimo.org.mz\/index.php?rest_route=%2Fwp%2Fv2%2Fcomments&post=2621"}],"version-history":[{"count":0,"href":"https:\/\/www.frelimo.org.mz\/index.php?rest_route=\/wp\/v2\/posts\/2621\/revisions"}],"wp:attachment":[{"href":"https:\/\/www.frelimo.org.mz\/index.php?rest_route=%2Fwp%2Fv2%2Fmedia&parent=2621"}],"wp:term":[{"taxonomy":"category","embeddable":true,"href":"https:\/\/www.frelimo.org.mz\/index.php?rest_route=%2Fwp%2Fv2%2Fcategories&post=2621"},{"taxonomy":"post_tag","embeddable":true,"href":"https:\/\/www.frelimo.org.mz\/index.php?rest_route=%2Fwp%2Fv2%2Ftags&post=2621"}],"curies":[{"name":"wp","href":"https:\/\/api.w.org\/{rel}","templated":true}]}}