{"id":2595,"date":"2018-08-31T08:58:58","date_gmt":"2018-08-31T08:58:58","guid":{"rendered":"https:\/\/www.frelimo.org.mz\/?p=2595"},"modified":"2018-08-31T08:58:58","modified_gmt":"2018-08-31T08:58:58","slug":"secretario-geral-da-frelimo-roque-silva-samuel-trabalha-na-provincia-da-zambezia","status":"publish","type":"post","link":"https:\/\/www.frelimo.org.mz\/?p=2595","title":{"rendered":"SECRET\u00c1RIO GERAL DA FRELIMO, ROQUE SILVA SAMUEL TRABALHA NA PROV\u00cdNCIA DA ZAMBEZIA."},"content":{"rendered":"<div>O Secret\u00e1rio Geral da FRELIMO Roque Silva Samuel, iniciou hoje uma visita de trabalho a Prov\u00edncia da Zambezia no quadro dos preparativos para as Elei\u00e7\u00f5es Aut\u00e1rquicas de 10 de Outubro.<\/div>\n<div><img loading=\"lazy\" decoding=\"async\" class=\" size-full wp-image-2594\" src=\"https:\/\/www.frelimo.org.mz\/\/wp-content\/uploads\/2018\/08\/IMG-20180831-WA0129.jpg\" alt=\"IMG-20180831-WA0129\" width=\"1280\" height=\"960\" \/><\/div>\n","protected":false},"excerpt":{"rendered":"<p>O Secret\u00e1rio Geral da FRELIMO Roque Silva Samuel, iniciou hoje uma visita de trabalho a Prov\u00edncia da Zambezia no quadro dos preparativos para as Elei\u00e7\u00f5es Aut\u00e1rquicas de 10 de Outubro.<\/p>\n","protected":false},"author":1,"featured_media":2594,"comment_status":"open","ping_status":"open","sticky":false,"template":"","format":"standard","meta":{"_jetpack_memberships_contains_paid_content":false,"footnotes":""},"categories":[4],"tags":[],"class_list":["post-2595","post","type-post","status-publish","format-standard","has-post-thumbnail","hentry","category-outras"],"jetpack_featured_media_url":"https:\/\/www.frelimo.org.mz\/wp-content\/uploads\/2018\/08\/IMG-20180831-WA0129.jpg","jetpack_sharing_enabled":true,"_links":{"self":[{"href":"https:\/\/www.frelimo.org.mz\/index.php?rest_route=\/wp\/v2\/posts\/2595","targetHints":{"allow":["GET"]}}],"collection":[{"href":"https:\/\/www.frelimo.org.mz\/index.php?rest_route=\/wp\/v2\/posts"}],"about":[{"href":"https:\/\/www.frelimo.org.mz\/index.php?rest_route=\/wp\/v2\/types\/post"}],"author":[{"embeddable":true,"href":"https:\/\/www.frelimo.org.mz\/index.php?rest_route=\/wp\/v2\/users\/1"}],"replies":[{"embeddable":true,"href":"https:\/\/www.frelimo.org.mz\/index.php?rest_route=%2Fwp%2Fv2%2Fcomments&post=2595"}],"version-history":[{"count":0,"href":"https:\/\/www.frelimo.org.mz\/index.php?rest_route=\/wp\/v2\/posts\/2595\/revisions"}],"wp:featuredmedia":[{"embeddable":true,"href":"https:\/\/www.frelimo.org.mz\/index.php?rest_route=\/wp\/v2\/media\/2594"}],"wp:attachment":[{"href":"https:\/\/www.frelimo.org.mz\/index.php?rest_route=%2Fwp%2Fv2%2Fmedia&parent=2595"}],"wp:term":[{"taxonomy":"category","embeddable":true,"href":"https:\/\/www.frelimo.org.mz\/index.php?rest_route=%2Fwp%2Fv2%2Fcategories&post=2595"},{"taxonomy":"post_tag","embeddable":true,"href":"https:\/\/www.frelimo.org.mz\/index.php?rest_route=%2Fwp%2Fv2%2Ftags&post=2595"}],"curies":[{"name":"wp","href":"https:\/\/api.w.org\/{rel}","templated":true}]}}